{"id":13743,"date":"2025-03-07T16:49:41","date_gmt":"2025-03-07T15:49:41","guid":{"rendered":"https:\/\/wgphoto.pl\/t\/?p=13743"},"modified":"2025-03-07T16:49:41","modified_gmt":"2025-03-07T15:49:41","slug":"wnetrze-slowenskiego-desiro","status":"publish","type":"post","link":"http:\/\/wgphoto.pl\/t\/?p=13743","title":{"rendered":"Wn\u0119trze s\u0142owe\u0144skiego Desiro"},"content":{"rendered":"\n<figure class=\"wp-block-image aligncenter size-full\"><img loading=\"lazy\" decoding=\"async\" width=\"1200\" height=\"800\" src=\"https:\/\/wgphoto.pl\/t\/wp-content\/uploads\/2025\/03\/IMGP1524.jpg\" alt=\"\" class=\"wp-image-13744\" srcset=\"http:\/\/wgphoto.pl\/t\/wp-content\/uploads\/2025\/03\/IMGP1524.jpg 1200w, http:\/\/wgphoto.pl\/t\/wp-content\/uploads\/2025\/03\/IMGP1524-300x200.jpg 300w, http:\/\/wgphoto.pl\/t\/wp-content\/uploads\/2025\/03\/IMGP1524-768x512.jpg 768w\" sizes=\"auto, (max-width: 1200px) 100vw, 1200px\" \/><\/figure>\n\n\n\n<div class=\"wp-block-group has-global-padding is-layout-constrained wp-block-group-is-layout-constrained\">\n<p>Widok na \u015brodkowy cz\u0142on, w ca\u0142o\u015bci niskopod\u0142ogowy (z wyj\u0105tkiem kra\u0144c\u00f3w), tr\u00f3jwagonowej jednostki. Dotychczas przyzwyczajony by\u0142em do zestaw\u00f3w dwuwagonowych, gdzie ka\u017cdy cz\u0142on jest niskopod\u0142ogowy tylko w cz\u0119\u015bci. 16.08.2015<\/p>\n<\/div>\n","protected":false},"excerpt":{"rendered":"<p>Widok na \u015brodkowy cz\u0142on, w ca\u0142o\u015bci niskopod\u0142ogowy (z wyj\u0105tkiem kra\u0144c\u00f3w), tr\u00f3jwagonowej jednostki. Dotychczas przyzwyczajony by\u0142em do zestaw\u00f3w dwuwagonowych, gdzie ka\u017cdy cz\u0142on jest niskopod\u0142ogowy tylko w cz\u0119\u015bci. 16.08.2015<\/p>\n","protected":false},"author":1,"featured_media":13744,"comment_status":"open","ping_status":"","sticky":false,"template":"","format":"standard","meta":{"footnotes":""},"categories":[220,2,104],"tags":[257,256,255,253,107,454],"class_list":["post-13743","post","type-post","status-publish","format-standard","has-post-thumbnail","hentry","category-blo","category-kolej","category-rok-2015","tag-2015-08-16","tag-desiro","tag-slowenia","tag-sz","tag-wakacje-2015","tag-wnetrza-pojazdow"],"_links":{"self":[{"href":"http:\/\/wgphoto.pl\/t\/index.php?rest_route=\/wp\/v2\/posts\/13743","targetHints":{"allow":["GET"]}}],"collection":[{"href":"http:\/\/wgphoto.pl\/t\/index.php?rest_route=\/wp\/v2\/posts"}],"about":[{"href":"http:\/\/wgphoto.pl\/t\/index.php?rest_route=\/wp\/v2\/types\/post"}],"author":[{"embeddable":true,"href":"http:\/\/wgphoto.pl\/t\/index.php?rest_route=\/wp\/v2\/users\/1"}],"replies":[{"embeddable":true,"href":"http:\/\/wgphoto.pl\/t\/index.php?rest_route=%2Fwp%2Fv2%2Fcomments&post=13743"}],"version-history":[{"count":1,"href":"http:\/\/wgphoto.pl\/t\/index.php?rest_route=\/wp\/v2\/posts\/13743\/revisions"}],"predecessor-version":[{"id":13745,"href":"http:\/\/wgphoto.pl\/t\/index.php?rest_route=\/wp\/v2\/posts\/13743\/revisions\/13745"}],"wp:featuredmedia":[{"embeddable":true,"href":"http:\/\/wgphoto.pl\/t\/index.php?rest_route=\/wp\/v2\/media\/13744"}],"wp:attachment":[{"href":"http:\/\/wgphoto.pl\/t\/index.php?rest_route=%2Fwp%2Fv2%2Fmedia&parent=13743"}],"wp:term":[{"taxonomy":"category","embeddable":true,"href":"http:\/\/wgphoto.pl\/t\/index.php?rest_route=%2Fwp%2Fv2%2Fcategories&post=13743"},{"taxonomy":"post_tag","embeddable":true,"href":"http:\/\/wgphoto.pl\/t\/index.php?rest_route=%2Fwp%2Fv2%2Ftags&post=13743"}],"curies":[{"name":"wp","href":"https:\/\/api.w.org\/{rel}","templated":true}]}}