{"id":13755,"date":"2025-03-07T17:01:17","date_gmt":"2025-03-07T16:01:17","guid":{"rendered":"https:\/\/wgphoto.pl\/t\/?p=13755"},"modified":"2025-03-07T17:01:17","modified_gmt":"2025-03-07T16:01:17","slug":"wir-haben-die-kraft","status":"publish","type":"post","link":"http:\/\/wgphoto.pl\/t\/?p=13755","title":{"rendered":"Wir haben die Kraft"},"content":{"rendered":"\n<figure class=\"wp-block-image aligncenter size-full\"><img loading=\"lazy\" decoding=\"async\" width=\"1200\" height=\"803\" src=\"https:\/\/wgphoto.pl\/t\/wp-content\/uploads\/2025\/03\/IMGP9828.jpg\" alt=\"\" class=\"wp-image-13756\" srcset=\"http:\/\/wgphoto.pl\/t\/wp-content\/uploads\/2025\/03\/IMGP9828.jpg 1200w, http:\/\/wgphoto.pl\/t\/wp-content\/uploads\/2025\/03\/IMGP9828-300x201.jpg 300w, http:\/\/wgphoto.pl\/t\/wp-content\/uploads\/2025\/03\/IMGP9828-768x514.jpg 768w\" sizes=\"auto, (max-width: 1200px) 100vw, 1200px\" \/><\/figure>\n\n\n\n<div class=\"wp-block-group has-global-padding is-layout-constrained wp-block-group-is-layout-constrained\">\n<p>Zwickau, Am Bahnhof. Troch\u0119 knot, bo tramwaj w cieniu i w og\u00f3le z\u0142apany daleko i bez sensu (to wszystko przez puszki, rzecz jasna), ale bardzo spodoba\u0142 mi si\u0119 ten modernistyczny budynek dworcowy. W mi\u0119dzyczasie foto nabra\u0142o tak\u017ce waloru historycznego, albowiem od grudnia 2019 trasa do dworca pozostaje bez regularnego ruchu. 2009-09-11<\/p>\n<\/div>\n","protected":false},"excerpt":{"rendered":"<p>Zwickau, Am Bahnhof. Troch\u0119 knot, bo tramwaj w cieniu i w og\u00f3le z\u0142apany daleko i bez sensu (to wszystko przez puszki, rzecz jasna), ale bardzo spodoba\u0142 mi si\u0119 ten modernistyczny budynek dworcowy. W mi\u0119dzyczasie foto nabra\u0142o tak\u017ce waloru historycznego, albowiem od grudnia 2019 trasa do dworca pozostaje bez regularnego ruchu. 2009-09-11<\/p>\n","protected":false},"author":1,"featured_media":13756,"comment_status":"open","ping_status":"","sticky":false,"template":"","format":"standard","meta":{"footnotes":""},"categories":[169,3],"tags":[1334,23,143,380,1335,33,1332],"class_list":["post-13755","post","type-post","status-publish","format-standard","has-post-thumbnail","hentry","category-rok-2009","category-tramwaj","tag-2009-09-11","tag-niemcy","tag-ponad-30m","tag-spod-dworca","tag-svz-zwickau","tag-tatra-kt4","tag-zwickau"],"_links":{"self":[{"href":"http:\/\/wgphoto.pl\/t\/index.php?rest_route=\/wp\/v2\/posts\/13755","targetHints":{"allow":["GET"]}}],"collection":[{"href":"http:\/\/wgphoto.pl\/t\/index.php?rest_route=\/wp\/v2\/posts"}],"about":[{"href":"http:\/\/wgphoto.pl\/t\/index.php?rest_route=\/wp\/v2\/types\/post"}],"author":[{"embeddable":true,"href":"http:\/\/wgphoto.pl\/t\/index.php?rest_route=\/wp\/v2\/users\/1"}],"replies":[{"embeddable":true,"href":"http:\/\/wgphoto.pl\/t\/index.php?rest_route=%2Fwp%2Fv2%2Fcomments&post=13755"}],"version-history":[{"count":1,"href":"http:\/\/wgphoto.pl\/t\/index.php?rest_route=\/wp\/v2\/posts\/13755\/revisions"}],"predecessor-version":[{"id":13757,"href":"http:\/\/wgphoto.pl\/t\/index.php?rest_route=\/wp\/v2\/posts\/13755\/revisions\/13757"}],"wp:featuredmedia":[{"embeddable":true,"href":"http:\/\/wgphoto.pl\/t\/index.php?rest_route=\/wp\/v2\/media\/13756"}],"wp:attachment":[{"href":"http:\/\/wgphoto.pl\/t\/index.php?rest_route=%2Fwp%2Fv2%2Fmedia&parent=13755"}],"wp:term":[{"taxonomy":"category","embeddable":true,"href":"http:\/\/wgphoto.pl\/t\/index.php?rest_route=%2Fwp%2Fv2%2Fcategories&post=13755"},{"taxonomy":"post_tag","embeddable":true,"href":"http:\/\/wgphoto.pl\/t\/index.php?rest_route=%2Fwp%2Fv2%2Ftags&post=13755"}],"curies":[{"name":"wp","href":"https:\/\/api.w.org\/{rel}","templated":true}]}}