{"id":13780,"date":"2025-03-07T17:10:15","date_gmt":"2025-03-07T16:10:15","guid":{"rendered":"https:\/\/wgphoto.pl\/t\/?p=13780"},"modified":"2025-03-07T17:10:15","modified_gmt":"2025-03-07T16:10:15","slug":"trzeci-bok-trojkata","status":"publish","type":"post","link":"http:\/\/wgphoto.pl\/t\/?p=13780","title":{"rendered":"Trzeci bok tr\u00f3jk\u0105ta"},"content":{"rendered":"\n<figure class=\"wp-block-image aligncenter size-full\"><img loading=\"lazy\" decoding=\"async\" width=\"1200\" height=\"800\" src=\"https:\/\/wgphoto.pl\/t\/wp-content\/uploads\/2025\/03\/IMGP3407.jpg\" alt=\"\" class=\"wp-image-13781\" srcset=\"http:\/\/wgphoto.pl\/t\/wp-content\/uploads\/2025\/03\/IMGP3407.jpg 1200w, http:\/\/wgphoto.pl\/t\/wp-content\/uploads\/2025\/03\/IMGP3407-300x200.jpg 300w, http:\/\/wgphoto.pl\/t\/wp-content\/uploads\/2025\/03\/IMGP3407-768x512.jpg 768w\" sizes=\"auto, (max-width: 1200px) 100vw, 1200px\" \/><\/figure>\n\n\n\n<div class=\"wp-block-group has-global-padding is-layout-constrained wp-block-group-is-layout-constrained\">\n<p>Sk\u0142ad 105NWr 2242+2243 odbywa post\u00f3j na trzecim boku tr\u00f3jk\u0105ta torowego na pl. Stanis\u0142awa Staszica, wykorzystywanym liniowo tylko przez kursy wyjazdowe z zajezdni O\u0142bin oraz innego rodzaju przejazdy pomi\u0119dzy liniami, jak na przyk\u0142ad prezentowana na zdj\u0119ciu, dokonuj\u0105ca si\u0119 dok\u0142adnie na tym przystanku, przemiana zer\u00f3wki lewej w pi\u0119tnastk\u0119. 2015-11-14<\/p>\n<\/div>\n","protected":false},"excerpt":{"rendered":"<p>Sk\u0142ad 105NWr 2242+2243 odbywa post\u00f3j na trzecim boku tr\u00f3jk\u0105ta torowego na pl. Stanis\u0142awa Staszica, wykorzystywanym liniowo tylko przez kursy wyjazdowe z zajezdni O\u0142bin oraz innego rodzaju przejazdy pomi\u0119dzy liniami, jak na przyk\u0142ad prezentowana na zdj\u0119ciu, dokonuj\u0105ca si\u0119 dok\u0142adnie na tym przystanku, przemiana zer\u00f3wki lewej w pi\u0119tnastk\u0119. 2015-11-14<\/p>\n","protected":false},"author":1,"featured_media":13781,"comment_status":"open","ping_status":"","sticky":false,"template":"","format":"standard","meta":{"footnotes":""},"categories":[104,3],"tags":[43,3377,91,42,27,439,90,41],"class_list":["post-13780","post","type-post","status-publish","format-standard","has-post-thumbnail","hentry","category-rok-2015","category-tramwaj","tag-105nwr","tag-2015-11-14","tag-blue-hour","tag-mpk-wroclaw","tag-polska","tag-we-fabryce","tag-wieczorem","tag-wroclaw"],"_links":{"self":[{"href":"http:\/\/wgphoto.pl\/t\/index.php?rest_route=\/wp\/v2\/posts\/13780","targetHints":{"allow":["GET"]}}],"collection":[{"href":"http:\/\/wgphoto.pl\/t\/index.php?rest_route=\/wp\/v2\/posts"}],"about":[{"href":"http:\/\/wgphoto.pl\/t\/index.php?rest_route=\/wp\/v2\/types\/post"}],"author":[{"embeddable":true,"href":"http:\/\/wgphoto.pl\/t\/index.php?rest_route=\/wp\/v2\/users\/1"}],"replies":[{"embeddable":true,"href":"http:\/\/wgphoto.pl\/t\/index.php?rest_route=%2Fwp%2Fv2%2Fcomments&post=13780"}],"version-history":[{"count":1,"href":"http:\/\/wgphoto.pl\/t\/index.php?rest_route=\/wp\/v2\/posts\/13780\/revisions"}],"predecessor-version":[{"id":13782,"href":"http:\/\/wgphoto.pl\/t\/index.php?rest_route=\/wp\/v2\/posts\/13780\/revisions\/13782"}],"wp:featuredmedia":[{"embeddable":true,"href":"http:\/\/wgphoto.pl\/t\/index.php?rest_route=\/wp\/v2\/media\/13781"}],"wp:attachment":[{"href":"http:\/\/wgphoto.pl\/t\/index.php?rest_route=%2Fwp%2Fv2%2Fmedia&parent=13780"}],"wp:term":[{"taxonomy":"category","embeddable":true,"href":"http:\/\/wgphoto.pl\/t\/index.php?rest_route=%2Fwp%2Fv2%2Fcategories&post=13780"},{"taxonomy":"post_tag","embeddable":true,"href":"http:\/\/wgphoto.pl\/t\/index.php?rest_route=%2Fwp%2Fv2%2Ftags&post=13780"}],"curies":[{"name":"wp","href":"https:\/\/api.w.org\/{rel}","templated":true}]}}