{"id":13789,"date":"2025-03-07T17:15:27","date_gmt":"2025-03-07T16:15:27","guid":{"rendered":"https:\/\/wgphoto.pl\/t\/?p=13789"},"modified":"2025-03-07T17:17:26","modified_gmt":"2025-03-07T16:17:26","slug":"bondy","status":"publish","type":"post","link":"http:\/\/wgphoto.pl\/t\/?p=13789","title":{"rendered":"Bondy"},"content":{"rendered":"\n<figure class=\"wp-block-image aligncenter size-full\"><img loading=\"lazy\" decoding=\"async\" width=\"1200\" height=\"800\" src=\"https:\/\/wgphoto.pl\/t\/wp-content\/uploads\/2025\/03\/IMGP6573.jpg\" alt=\"\" class=\"wp-image-13790\" srcset=\"http:\/\/wgphoto.pl\/t\/wp-content\/uploads\/2025\/03\/IMGP6573.jpg 1200w, http:\/\/wgphoto.pl\/t\/wp-content\/uploads\/2025\/03\/IMGP6573-300x200.jpg 300w, http:\/\/wgphoto.pl\/t\/wp-content\/uploads\/2025\/03\/IMGP6573-768x512.jpg 768w\" sizes=\"auto, (max-width: 1200px) 100vw, 1200px\" \/><\/figure>\n\n\n\n<div class=\"wp-block-group has-global-padding is-layout-constrained wp-block-group-is-layout-constrained\">\n<p>Bondy (aglomeracja paryska). Pozostaj\u0105c w temacie pojazd\u00f3w w kolorze granatowym przenosimy si\u0119 pod Pary\u017c, gdzie od 10 lat kursuje sobie linia tramwajowa T4, obs\u0142ugiwana przez Transilien &#8211; sp\u00f3\u0142k\u0119 c\u00f3rk\u0119 SNCF odpowiedzialn\u0105 za ruch podmiejski. Trasa, poprowadzona w ca\u0142o\u015bci po \u015bladzie dawnej linii kolejowej, liczy niespe\u0142na 8 km oraz ma oba ko\u0144ce na stacjach stycznych z kolej\u0105 podmiejsk\u0105, na kt\u00f3rych tramwaj wje\u017cd\u017ca wprost w perony &#8211; przy lewej kraw\u0119dzi lewego peronu zatrzymuje si\u0119 ju\u017c &#8222;prawdziwy&#8221; poci\u0105g. 01.09.2010<\/p>\n<\/div>\n","protected":false},"excerpt":{"rendered":"<p>Bondy (aglomeracja paryska). Pozostaj\u0105c w temacie pojazd\u00f3w w kolorze granatowym przenosimy si\u0119 pod Pary\u017c, gdzie od 10 lat kursuje sobie linia tramwajowa T4, obs\u0142ugiwana przez Transilien &#8211; sp\u00f3\u0142k\u0119 c\u00f3rk\u0119 SNCF odpowiedzialn\u0105 za ruch podmiejski. Trasa, poprowadzona w ca\u0142o\u015bci po \u015bladzie dawnej linii kolejowej, liczy niespe\u0142na 8 km oraz ma oba ko\u0144ce na stacjach stycznych z [&hellip;]<\/p>\n","protected":false},"author":1,"featured_media":13790,"comment_status":"open","ping_status":"","sticky":false,"template":"","format":"standard","meta":{"footnotes":""},"categories":[86,3],"tags":[414,415,416,2508,1764,3379],"class_list":["post-13789","post","type-post","status-publish","format-standard","has-post-thumbnail","hentry","category-rok-2010","category-tramwaj","tag-2010-09-01","tag-francja","tag-paryz","tag-siemens-avanto","tag-sncf","tag-transilien"],"_links":{"self":[{"href":"http:\/\/wgphoto.pl\/t\/index.php?rest_route=\/wp\/v2\/posts\/13789","targetHints":{"allow":["GET"]}}],"collection":[{"href":"http:\/\/wgphoto.pl\/t\/index.php?rest_route=\/wp\/v2\/posts"}],"about":[{"href":"http:\/\/wgphoto.pl\/t\/index.php?rest_route=\/wp\/v2\/types\/post"}],"author":[{"embeddable":true,"href":"http:\/\/wgphoto.pl\/t\/index.php?rest_route=\/wp\/v2\/users\/1"}],"replies":[{"embeddable":true,"href":"http:\/\/wgphoto.pl\/t\/index.php?rest_route=%2Fwp%2Fv2%2Fcomments&post=13789"}],"version-history":[{"count":1,"href":"http:\/\/wgphoto.pl\/t\/index.php?rest_route=\/wp\/v2\/posts\/13789\/revisions"}],"predecessor-version":[{"id":13791,"href":"http:\/\/wgphoto.pl\/t\/index.php?rest_route=\/wp\/v2\/posts\/13789\/revisions\/13791"}],"wp:featuredmedia":[{"embeddable":true,"href":"http:\/\/wgphoto.pl\/t\/index.php?rest_route=\/wp\/v2\/media\/13790"}],"wp:attachment":[{"href":"http:\/\/wgphoto.pl\/t\/index.php?rest_route=%2Fwp%2Fv2%2Fmedia&parent=13789"}],"wp:term":[{"taxonomy":"category","embeddable":true,"href":"http:\/\/wgphoto.pl\/t\/index.php?rest_route=%2Fwp%2Fv2%2Fcategories&post=13789"},{"taxonomy":"post_tag","embeddable":true,"href":"http:\/\/wgphoto.pl\/t\/index.php?rest_route=%2Fwp%2Fv2%2Ftags&post=13789"}],"curies":[{"name":"wp","href":"https:\/\/api.w.org\/{rel}","templated":true}]}}