{"id":1379,"date":"2024-10-03T17:34:55","date_gmt":"2024-10-03T15:34:55","guid":{"rendered":"https:\/\/wgphoto.pl\/t\/?p=1379"},"modified":"2024-10-03T17:34:55","modified_gmt":"2024-10-03T15:34:55","slug":"goracy-duet","status":"publish","type":"post","link":"http:\/\/wgphoto.pl\/t\/?p=1379","title":{"rendered":"Gor\u0105cy duet"},"content":{"rendered":"\n<figure class=\"wp-block-image aligncenter size-full\"><img loading=\"lazy\" decoding=\"async\" width=\"1125\" height=\"900\" src=\"https:\/\/wgphoto.pl\/t\/wp-content\/uploads\/2024\/10\/IMGP9594.jpg\" alt=\"\" class=\"wp-image-1380\" srcset=\"http:\/\/wgphoto.pl\/t\/wp-content\/uploads\/2024\/10\/IMGP9594.jpg 1125w, http:\/\/wgphoto.pl\/t\/wp-content\/uploads\/2024\/10\/IMGP9594-300x240.jpg 300w, http:\/\/wgphoto.pl\/t\/wp-content\/uploads\/2024\/10\/IMGP9594-768x614.jpg 768w\" sizes=\"auto, (max-width: 1125px) 100vw, 1125px\" \/><\/figure>\n\n\n\n<div class=\"wp-block-group has-global-padding is-layout-constrained wp-block-group-is-layout-constrained\">\n<p>131.010\/009 i 751.074 na stacji Slovensk\u00e9 Nov\u00e9 Mesto. By\u0142o tam baaardzo upalnie. [14.08.2020]<\/p>\n<\/div>\n","protected":false},"excerpt":{"rendered":"<p>131.010\/009 i 751.074 na stacji Slovensk\u00e9 Nov\u00e9 Mesto. By\u0142o tam baaardzo upalnie. [14.08.2020]<\/p>\n","protected":false},"author":1,"featured_media":1380,"comment_status":"open","ping_status":"","sticky":false,"template":"","format":"standard","meta":{"footnotes":""},"categories":[2,676],"tags":[679,677,164,680,678,675,53,469],"class_list":["post-1379","post","type-post","status-publish","format-standard","has-post-thumbnail","hentry","category-kolej","category-rok-2020","tag-679","tag-2020-08-14","tag-164","tag-slovenske-nove-mesto","tag-slovensko-uhersko-2020","tag-slowacja","tag-sygnalizacja-ksztaltowa","tag-zssk"],"_links":{"self":[{"href":"http:\/\/wgphoto.pl\/t\/index.php?rest_route=\/wp\/v2\/posts\/1379","targetHints":{"allow":["GET"]}}],"collection":[{"href":"http:\/\/wgphoto.pl\/t\/index.php?rest_route=\/wp\/v2\/posts"}],"about":[{"href":"http:\/\/wgphoto.pl\/t\/index.php?rest_route=\/wp\/v2\/types\/post"}],"author":[{"embeddable":true,"href":"http:\/\/wgphoto.pl\/t\/index.php?rest_route=\/wp\/v2\/users\/1"}],"replies":[{"embeddable":true,"href":"http:\/\/wgphoto.pl\/t\/index.php?rest_route=%2Fwp%2Fv2%2Fcomments&post=1379"}],"version-history":[{"count":1,"href":"http:\/\/wgphoto.pl\/t\/index.php?rest_route=\/wp\/v2\/posts\/1379\/revisions"}],"predecessor-version":[{"id":1381,"href":"http:\/\/wgphoto.pl\/t\/index.php?rest_route=\/wp\/v2\/posts\/1379\/revisions\/1381"}],"wp:featuredmedia":[{"embeddable":true,"href":"http:\/\/wgphoto.pl\/t\/index.php?rest_route=\/wp\/v2\/media\/1380"}],"wp:attachment":[{"href":"http:\/\/wgphoto.pl\/t\/index.php?rest_route=%2Fwp%2Fv2%2Fmedia&parent=1379"}],"wp:term":[{"taxonomy":"category","embeddable":true,"href":"http:\/\/wgphoto.pl\/t\/index.php?rest_route=%2Fwp%2Fv2%2Fcategories&post=1379"},{"taxonomy":"post_tag","embeddable":true,"href":"http:\/\/wgphoto.pl\/t\/index.php?rest_route=%2Fwp%2Fv2%2Ftags&post=1379"}],"curies":[{"name":"wp","href":"https:\/\/api.w.org\/{rel}","templated":true}]}}