{"id":13825,"date":"2025-03-07T17:29:51","date_gmt":"2025-03-07T16:29:51","guid":{"rendered":"https:\/\/wgphoto.pl\/t\/?p=13825"},"modified":"2025-03-07T17:31:05","modified_gmt":"2025-03-07T16:31:05","slug":"przesiadka-2","status":"publish","type":"post","link":"http:\/\/wgphoto.pl\/t\/?p=13825","title":{"rendered":"Przesiadka"},"content":{"rendered":"\n<figure class=\"wp-block-image aligncenter size-full\"><img loading=\"lazy\" decoding=\"async\" width=\"1200\" height=\"800\" src=\"https:\/\/wgphoto.pl\/t\/wp-content\/uploads\/2025\/03\/IMGP0912-1.jpg\" alt=\"\" class=\"wp-image-13826\" srcset=\"http:\/\/wgphoto.pl\/t\/wp-content\/uploads\/2025\/03\/IMGP0912-1.jpg 1200w, http:\/\/wgphoto.pl\/t\/wp-content\/uploads\/2025\/03\/IMGP0912-1-300x200.jpg 300w, http:\/\/wgphoto.pl\/t\/wp-content\/uploads\/2025\/03\/IMGP0912-1-768x512.jpg 768w\" sizes=\"auto, (max-width: 1200px) 100vw, 1200px\" \/><\/figure>\n\n\n\n<div class=\"wp-block-group has-global-padding is-layout-constrained wp-block-group-is-layout-constrained\">\n<p>Domb\u00e5s. Pasa\u017cerowie kursu 46 z Trondheim do Oslo przesiadaj\u0105 si\u0119 z ZKA do poci\u0105gu, kt\u00f3ry z powodu prac torowych, prowadzonych na pocz\u0105tkowym odcinku trasy, zacznie bieg w Domb\u00e5s. 2011-05-21<\/p>\n<\/div>\n","protected":false},"excerpt":{"rendered":"<p>Domb\u00e5s. Pasa\u017cerowie kursu 46 z Trondheim do Oslo przesiadaj\u0105 si\u0119 z ZKA do poci\u0105gu, kt\u00f3ry z powodu prac torowych, prowadzonych na pocz\u0105tkowym odcinku trasy, zacznie bieg w Domb\u00e5s. 2011-05-21<\/p>\n","protected":false},"author":1,"featured_media":13826,"comment_status":"open","ping_status":"","sticky":false,"template":"","format":"standard","meta":{"footnotes":""},"categories":[2,77],"tags":[1116,3380,151,1186,78,3280],"class_list":["post-13825","post","type-post","status-publish","format-standard","has-post-thumbnail","hentry","category-kolej","category-rok-2011","tag-2011-05-21","tag-dombas","tag-ludzie","tag-na-wsiadanego","tag-norwegia","tag-nsb"],"_links":{"self":[{"href":"http:\/\/wgphoto.pl\/t\/index.php?rest_route=\/wp\/v2\/posts\/13825","targetHints":{"allow":["GET"]}}],"collection":[{"href":"http:\/\/wgphoto.pl\/t\/index.php?rest_route=\/wp\/v2\/posts"}],"about":[{"href":"http:\/\/wgphoto.pl\/t\/index.php?rest_route=\/wp\/v2\/types\/post"}],"author":[{"embeddable":true,"href":"http:\/\/wgphoto.pl\/t\/index.php?rest_route=\/wp\/v2\/users\/1"}],"replies":[{"embeddable":true,"href":"http:\/\/wgphoto.pl\/t\/index.php?rest_route=%2Fwp%2Fv2%2Fcomments&post=13825"}],"version-history":[{"count":1,"href":"http:\/\/wgphoto.pl\/t\/index.php?rest_route=\/wp\/v2\/posts\/13825\/revisions"}],"predecessor-version":[{"id":13827,"href":"http:\/\/wgphoto.pl\/t\/index.php?rest_route=\/wp\/v2\/posts\/13825\/revisions\/13827"}],"wp:featuredmedia":[{"embeddable":true,"href":"http:\/\/wgphoto.pl\/t\/index.php?rest_route=\/wp\/v2\/media\/13826"}],"wp:attachment":[{"href":"http:\/\/wgphoto.pl\/t\/index.php?rest_route=%2Fwp%2Fv2%2Fmedia&parent=13825"}],"wp:term":[{"taxonomy":"category","embeddable":true,"href":"http:\/\/wgphoto.pl\/t\/index.php?rest_route=%2Fwp%2Fv2%2Fcategories&post=13825"},{"taxonomy":"post_tag","embeddable":true,"href":"http:\/\/wgphoto.pl\/t\/index.php?rest_route=%2Fwp%2Fv2%2Ftags&post=13825"}],"curies":[{"name":"wp","href":"https:\/\/api.w.org\/{rel}","templated":true}]}}