{"id":14,"date":"2024-09-27T22:43:10","date_gmt":"2024-09-27T20:43:10","guid":{"rendered":"http:\/\/wgphoto.pl\/t\/?p=14"},"modified":"2025-04-10T17:58:51","modified_gmt":"2025-04-10T15:58:51","slug":"preludium","status":"publish","type":"post","link":"http:\/\/wgphoto.pl\/t\/?p=14","title":{"rendered":"Preludium"},"content":{"rendered":"\n<figure class=\"wp-block-image aligncenter size-full\"><img loading=\"lazy\" decoding=\"async\" width=\"1400\" height=\"927\" src=\"http:\/\/wgphoto.pl\/t\/wp-content\/uploads\/IMGP9628.jpg\" alt=\"\" class=\"wp-image-18\" srcset=\"http:\/\/wgphoto.pl\/t\/wp-content\/uploads\/IMGP9628.jpg 1400w, http:\/\/wgphoto.pl\/t\/wp-content\/uploads\/IMGP9628-300x199.jpg 300w, http:\/\/wgphoto.pl\/t\/wp-content\/uploads\/IMGP9628-768x509.jpg 768w\" sizes=\"auto, (max-width: 1400px) 100vw, 1400px\" \/><\/figure>\n\n\n\n<div class=\"wp-block-group is-layout-flow wp-block-group-is-layout-flow\" style=\"padding-right:var(--wp--preset--spacing--40);padding-left:var(--wp--preset--spacing--40)\">\n<div class=\"wp-block-group has-global-padding is-layout-constrained wp-block-group-is-layout-constrained\">\n<p class=\"has-text-align-left\">1116.259 wraz z 1144 o nieznanym numerze wyje\u017cd\u017ca z tunelu prosto w ulew\u0119 na przystanku Wolfsbergkogel. To by\u0142o preludium deszczy, jakie kilka dni p\u00f3\u017aniej rozla\u0142y si\u0119 po centralnej Europie. [09.09.2024]<\/p>\n<\/div>\n<\/div>\n","protected":false},"excerpt":{"rendered":"<p>1116.259 wraz z 1144 o nieznanym numerze wyje\u017cd\u017ca z tunelu prosto w ulew\u0119 na przystanku Wolfsbergkogel. To by\u0142o preludium deszczy, jakie kilka dni p\u00f3\u017aniej rozla\u0142y si\u0119 po centralnej Europie. [09.09.2024]<\/p>\n","protected":false},"author":1,"featured_media":45,"comment_status":"open","ping_status":"","sticky":false,"template":"","format":"image","meta":{"footnotes":""},"categories":[2,5],"tags":[8,17,9,13,11,12,15,550,16],"class_list":["post-14","post","type-post","status-publish","format-image","has-post-thumbnail","hentry","category-kolej","category-2024r","tag-8","tag-2024-09-09","tag-austria","tag-deszcz","tag-obb","tag-semmeringbahn","tag-tunel","tag-wakacje-2024","tag-wolfsbergkogel","post_format-post-format-image"],"_links":{"self":[{"href":"http:\/\/wgphoto.pl\/t\/index.php?rest_route=\/wp\/v2\/posts\/14","targetHints":{"allow":["GET"]}}],"collection":[{"href":"http:\/\/wgphoto.pl\/t\/index.php?rest_route=\/wp\/v2\/posts"}],"about":[{"href":"http:\/\/wgphoto.pl\/t\/index.php?rest_route=\/wp\/v2\/types\/post"}],"author":[{"embeddable":true,"href":"http:\/\/wgphoto.pl\/t\/index.php?rest_route=\/wp\/v2\/users\/1"}],"replies":[{"embeddable":true,"href":"http:\/\/wgphoto.pl\/t\/index.php?rest_route=%2Fwp%2Fv2%2Fcomments&post=14"}],"version-history":[{"count":8,"href":"http:\/\/wgphoto.pl\/t\/index.php?rest_route=\/wp\/v2\/posts\/14\/revisions"}],"predecessor-version":[{"id":16205,"href":"http:\/\/wgphoto.pl\/t\/index.php?rest_route=\/wp\/v2\/posts\/14\/revisions\/16205"}],"wp:featuredmedia":[{"embeddable":true,"href":"http:\/\/wgphoto.pl\/t\/index.php?rest_route=\/wp\/v2\/media\/45"}],"wp:attachment":[{"href":"http:\/\/wgphoto.pl\/t\/index.php?rest_route=%2Fwp%2Fv2%2Fmedia&parent=14"}],"wp:term":[{"taxonomy":"category","embeddable":true,"href":"http:\/\/wgphoto.pl\/t\/index.php?rest_route=%2Fwp%2Fv2%2Fcategories&post=14"},{"taxonomy":"post_tag","embeddable":true,"href":"http:\/\/wgphoto.pl\/t\/index.php?rest_route=%2Fwp%2Fv2%2Ftags&post=14"}],"curies":[{"name":"wp","href":"https:\/\/api.w.org\/{rel}","templated":true}]}}