{"id":14046,"date":"2025-03-08T12:19:39","date_gmt":"2025-03-08T11:19:39","guid":{"rendered":"https:\/\/wgphoto.pl\/t\/?p=14046"},"modified":"2025-03-08T12:19:39","modified_gmt":"2025-03-08T11:19:39","slug":"dolina-bobru","status":"publish","type":"post","link":"http:\/\/wgphoto.pl\/t\/?p=14046","title":{"rendered":"Dolina Bobru"},"content":{"rendered":"\n<figure class=\"wp-block-image aligncenter size-full\"><img loading=\"lazy\" decoding=\"async\" width=\"1200\" height=\"800\" src=\"https:\/\/wgphoto.pl\/t\/wp-content\/uploads\/2025\/03\/IMGP3470.jpg\" alt=\"\" class=\"wp-image-14047\" srcset=\"http:\/\/wgphoto.pl\/t\/wp-content\/uploads\/2025\/03\/IMGP3470.jpg 1200w, http:\/\/wgphoto.pl\/t\/wp-content\/uploads\/2025\/03\/IMGP3470-300x200.jpg 300w, http:\/\/wgphoto.pl\/t\/wp-content\/uploads\/2025\/03\/IMGP3470-768x512.jpg 768w\" sizes=\"auto, (max-width: 1200px) 100vw, 1200px\" \/><\/figure>\n\n\n\n<div class=\"wp-block-group has-global-padding is-layout-constrained wp-block-group-is-layout-constrained\">\n<p>SA134-005 jako weekendowy poci\u0105g 66048 &#8222;Dolina Bobru&#8221; z Wroc\u0142awia do Jeleniej G\u00f3ry, przez Zebrzydow\u0105 i Lw\u00f3wek \u015al\u0105ski, za 1,3 km zako\u0144czy bieg na stacji docelowej. 29.11.2015<\/p>\n<\/div>\n","protected":false},"excerpt":{"rendered":"<p>SA134-005 jako weekendowy poci\u0105g 66048 &#8222;Dolina Bobru&#8221; z Wroc\u0142awia do Jeleniej G\u00f3ry, przez Zebrzydow\u0105 i Lw\u00f3wek \u015al\u0105ski, za 1,3 km zako\u0144czy bieg na stacji docelowej. 29.11.2015<\/p>\n","protected":false},"author":1,"featured_media":14047,"comment_status":"open","ping_status":"","sticky":false,"template":"","format":"standard","meta":{"footnotes":""},"categories":[2,104],"tags":[3406,1997,402,173,27,2586,363],"class_list":["post-14046","post","type-post","status-publish","format-standard","has-post-thumbnail","hentry","category-kolej","category-rok-2015","tag-2015-11-29","tag-jelenia-gora","tag-kd","tag-koncowki","tag-polska","tag-sa134","tag-tab-pl250"],"_links":{"self":[{"href":"http:\/\/wgphoto.pl\/t\/index.php?rest_route=\/wp\/v2\/posts\/14046","targetHints":{"allow":["GET"]}}],"collection":[{"href":"http:\/\/wgphoto.pl\/t\/index.php?rest_route=\/wp\/v2\/posts"}],"about":[{"href":"http:\/\/wgphoto.pl\/t\/index.php?rest_route=\/wp\/v2\/types\/post"}],"author":[{"embeddable":true,"href":"http:\/\/wgphoto.pl\/t\/index.php?rest_route=\/wp\/v2\/users\/1"}],"replies":[{"embeddable":true,"href":"http:\/\/wgphoto.pl\/t\/index.php?rest_route=%2Fwp%2Fv2%2Fcomments&post=14046"}],"version-history":[{"count":1,"href":"http:\/\/wgphoto.pl\/t\/index.php?rest_route=\/wp\/v2\/posts\/14046\/revisions"}],"predecessor-version":[{"id":14048,"href":"http:\/\/wgphoto.pl\/t\/index.php?rest_route=\/wp\/v2\/posts\/14046\/revisions\/14048"}],"wp:featuredmedia":[{"embeddable":true,"href":"http:\/\/wgphoto.pl\/t\/index.php?rest_route=\/wp\/v2\/media\/14047"}],"wp:attachment":[{"href":"http:\/\/wgphoto.pl\/t\/index.php?rest_route=%2Fwp%2Fv2%2Fmedia&parent=14046"}],"wp:term":[{"taxonomy":"category","embeddable":true,"href":"http:\/\/wgphoto.pl\/t\/index.php?rest_route=%2Fwp%2Fv2%2Fcategories&post=14046"},{"taxonomy":"post_tag","embeddable":true,"href":"http:\/\/wgphoto.pl\/t\/index.php?rest_route=%2Fwp%2Fv2%2Ftags&post=14046"}],"curies":[{"name":"wp","href":"https:\/\/api.w.org\/{rel}","templated":true}]}}