{"id":1407,"date":"2024-10-03T22:08:28","date_gmt":"2024-10-03T20:08:28","guid":{"rendered":"https:\/\/wgphoto.pl\/t\/?p=1407"},"modified":"2024-10-03T22:08:28","modified_gmt":"2024-10-03T20:08:28","slug":"slonce-wstaje-nad-zamglona-praga","status":"publish","type":"post","link":"http:\/\/wgphoto.pl\/t\/?p=1407","title":{"rendered":"S\u0142o\u0144ce wstaje nad zamglon\u0105 Prag\u0105"},"content":{"rendered":"\n<figure class=\"wp-block-image aligncenter size-full\"><img loading=\"lazy\" decoding=\"async\" width=\"1200\" height=\"795\" src=\"https:\/\/wgphoto.pl\/t\/wp-content\/uploads\/2024\/10\/IMGP3638.jpg\" alt=\"\" class=\"wp-image-1408\" srcset=\"http:\/\/wgphoto.pl\/t\/wp-content\/uploads\/2024\/10\/IMGP3638.jpg 1200w, http:\/\/wgphoto.pl\/t\/wp-content\/uploads\/2024\/10\/IMGP3638-300x199.jpg 300w, http:\/\/wgphoto.pl\/t\/wp-content\/uploads\/2024\/10\/IMGP3638-768x509.jpg 768w\" sizes=\"auto, (max-width: 1200px) 100vw, 1200px\" \/><\/figure>\n\n\n\n<div class=\"wp-block-group has-global-padding is-layout-constrained wp-block-group-is-layout-constrained\">\n<p>Lokomotywa 371 004-3 prowadzi EC 176 &#8222;Johannes Brahms&#8221; z Brna do Hamburga. Poci\u0105g znajduje si\u0119 na szlaku Praha hlavn\u00ed n\u00e1dra\u017e\u00ed &#8211; Odb. Balabenka odbo\u010dka. 01.04.2014<\/p>\n<\/div>\n","protected":false},"excerpt":{"rendered":"<p>Lokomotywa 371 004-3 prowadzi EC 176 &#8222;Johannes Brahms&#8221; z Brna do Hamburga. Poci\u0105g znajduje si\u0119 na szlaku Praha hlavn\u00ed n\u00e1dra\u017e\u00ed &#8211; Odb. Balabenka odbo\u010dka. 01.04.2014<\/p>\n","protected":false},"author":1,"featured_media":1408,"comment_status":"open","ping_status":"","sticky":false,"template":"","format":"standard","meta":{"footnotes":""},"categories":[2,48],"tags":[702,705,50,49,113,52,703,349,704],"class_list":["post-1407","post","type-post","status-publish","format-standard","has-post-thumbnail","hentry","category-kolej","category-rok-2014","tag-2014-04-01","tag-705","tag-cd","tag-czechy","tag-landszaft","tag-praga","tag-praha-hlavni-nadrazi","tag-tab-cz090","tag-tab-cz091"],"_links":{"self":[{"href":"http:\/\/wgphoto.pl\/t\/index.php?rest_route=\/wp\/v2\/posts\/1407","targetHints":{"allow":["GET"]}}],"collection":[{"href":"http:\/\/wgphoto.pl\/t\/index.php?rest_route=\/wp\/v2\/posts"}],"about":[{"href":"http:\/\/wgphoto.pl\/t\/index.php?rest_route=\/wp\/v2\/types\/post"}],"author":[{"embeddable":true,"href":"http:\/\/wgphoto.pl\/t\/index.php?rest_route=\/wp\/v2\/users\/1"}],"replies":[{"embeddable":true,"href":"http:\/\/wgphoto.pl\/t\/index.php?rest_route=%2Fwp%2Fv2%2Fcomments&post=1407"}],"version-history":[{"count":1,"href":"http:\/\/wgphoto.pl\/t\/index.php?rest_route=\/wp\/v2\/posts\/1407\/revisions"}],"predecessor-version":[{"id":1409,"href":"http:\/\/wgphoto.pl\/t\/index.php?rest_route=\/wp\/v2\/posts\/1407\/revisions\/1409"}],"wp:featuredmedia":[{"embeddable":true,"href":"http:\/\/wgphoto.pl\/t\/index.php?rest_route=\/wp\/v2\/media\/1408"}],"wp:attachment":[{"href":"http:\/\/wgphoto.pl\/t\/index.php?rest_route=%2Fwp%2Fv2%2Fmedia&parent=1407"}],"wp:term":[{"taxonomy":"category","embeddable":true,"href":"http:\/\/wgphoto.pl\/t\/index.php?rest_route=%2Fwp%2Fv2%2Fcategories&post=1407"},{"taxonomy":"post_tag","embeddable":true,"href":"http:\/\/wgphoto.pl\/t\/index.php?rest_route=%2Fwp%2Fv2%2Ftags&post=1407"}],"curies":[{"name":"wp","href":"https:\/\/api.w.org\/{rel}","templated":true}]}}