{"id":14076,"date":"2025-03-09T10:29:34","date_gmt":"2025-03-09T09:29:34","guid":{"rendered":"https:\/\/wgphoto.pl\/t\/?p=14076"},"modified":"2025-03-09T10:29:34","modified_gmt":"2025-03-09T09:29:34","slug":"zlota-orlicka-jesien","status":"publish","type":"post","link":"http:\/\/wgphoto.pl\/t\/?p=14076","title":{"rendered":"Z\u0142ota orlicka jesie\u0144"},"content":{"rendered":"\n<figure class=\"wp-block-image aligncenter size-full\"><img loading=\"lazy\" decoding=\"async\" width=\"1200\" height=\"800\" src=\"https:\/\/wgphoto.pl\/t\/wp-content\/uploads\/2025\/03\/IMGP0267.jpg\" alt=\"\" class=\"wp-image-14077\" srcset=\"http:\/\/wgphoto.pl\/t\/wp-content\/uploads\/2025\/03\/IMGP0267.jpg 1200w, http:\/\/wgphoto.pl\/t\/wp-content\/uploads\/2025\/03\/IMGP0267-300x200.jpg 300w, http:\/\/wgphoto.pl\/t\/wp-content\/uploads\/2025\/03\/IMGP0267-768x512.jpg 768w\" sizes=\"auto, (max-width: 1200px) 100vw, 1200px\" \/><\/figure>\n\n\n\n<div class=\"wp-block-group has-global-padding is-layout-constrained wp-block-group-is-layout-constrained\">\n<p>151.023 z Ex 147 &#8222;Kysuca&#8221; z Pragi do \u017byliny mija Bezpr\u00e1v\u00ed. 20.10.2013<\/p>\n<\/div>\n","protected":false},"excerpt":{"rendered":"<p>151.023 z Ex 147 &#8222;Kysuca&#8221; z Pragi do \u017byliny mija Bezpr\u00e1v\u00ed. 20.10.2013<\/p>\n","protected":false},"author":1,"featured_media":14077,"comment_status":"open","ping_status":"","sticky":false,"template":"","format":"standard","meta":{"footnotes":""},"categories":[2,55],"tags":[1966,2956,1713,50,49,126,1375],"class_list":["post-14076","post","type-post","status-publish","format-standard","has-post-thumbnail","hentry","category-kolej","category-rok-2013","tag-1966","tag-2013-10-20","tag-bezpravi","tag-cd","tag-czechy","tag-jesien","tag-tab-cz010"],"_links":{"self":[{"href":"http:\/\/wgphoto.pl\/t\/index.php?rest_route=\/wp\/v2\/posts\/14076","targetHints":{"allow":["GET"]}}],"collection":[{"href":"http:\/\/wgphoto.pl\/t\/index.php?rest_route=\/wp\/v2\/posts"}],"about":[{"href":"http:\/\/wgphoto.pl\/t\/index.php?rest_route=\/wp\/v2\/types\/post"}],"author":[{"embeddable":true,"href":"http:\/\/wgphoto.pl\/t\/index.php?rest_route=\/wp\/v2\/users\/1"}],"replies":[{"embeddable":true,"href":"http:\/\/wgphoto.pl\/t\/index.php?rest_route=%2Fwp%2Fv2%2Fcomments&post=14076"}],"version-history":[{"count":1,"href":"http:\/\/wgphoto.pl\/t\/index.php?rest_route=\/wp\/v2\/posts\/14076\/revisions"}],"predecessor-version":[{"id":14078,"href":"http:\/\/wgphoto.pl\/t\/index.php?rest_route=\/wp\/v2\/posts\/14076\/revisions\/14078"}],"wp:featuredmedia":[{"embeddable":true,"href":"http:\/\/wgphoto.pl\/t\/index.php?rest_route=\/wp\/v2\/media\/14077"}],"wp:attachment":[{"href":"http:\/\/wgphoto.pl\/t\/index.php?rest_route=%2Fwp%2Fv2%2Fmedia&parent=14076"}],"wp:term":[{"taxonomy":"category","embeddable":true,"href":"http:\/\/wgphoto.pl\/t\/index.php?rest_route=%2Fwp%2Fv2%2Fcategories&post=14076"},{"taxonomy":"post_tag","embeddable":true,"href":"http:\/\/wgphoto.pl\/t\/index.php?rest_route=%2Fwp%2Fv2%2Ftags&post=14076"}],"curies":[{"name":"wp","href":"https:\/\/api.w.org\/{rel}","templated":true}]}}