{"id":14079,"date":"2025-03-09T10:30:32","date_gmt":"2025-03-09T09:30:32","guid":{"rendered":"https:\/\/wgphoto.pl\/t\/?p=14079"},"modified":"2025-03-09T10:30:32","modified_gmt":"2025-03-09T09:30:32","slug":"122-010-2-bezpravi","status":"publish","type":"post","link":"http:\/\/wgphoto.pl\/t\/?p=14079","title":{"rendered":"122 010-2, Bezpr\u00e1v\u00ed"},"content":{"rendered":"\n<figure class=\"wp-block-image aligncenter size-full\"><img loading=\"lazy\" decoding=\"async\" width=\"1200\" height=\"800\" src=\"https:\/\/wgphoto.pl\/t\/wp-content\/uploads\/2025\/03\/IMGP0260.jpg\" alt=\"\" class=\"wp-image-14080\" srcset=\"http:\/\/wgphoto.pl\/t\/wp-content\/uploads\/2025\/03\/IMGP0260.jpg 1200w, http:\/\/wgphoto.pl\/t\/wp-content\/uploads\/2025\/03\/IMGP0260-300x200.jpg 300w, http:\/\/wgphoto.pl\/t\/wp-content\/uploads\/2025\/03\/IMGP0260-768x512.jpg 768w\" sizes=\"auto, (max-width: 1200px) 100vw, 1200px\" \/><\/figure>\n\n\n\n<div class=\"wp-block-group has-global-padding is-layout-constrained wp-block-group-is-layout-constrained\">\n<p>To samo miejsce co na wczorajszym zdj\u0119ciu, lecz ogl\u0105dane na wi\u0119kszym zbli\u017ceniu. Nie wiem sk\u0105d ten wungiel jedzie, bo z Ostrawy do stolicy to w przeciwn\u0105 stron\u0119. 20.10.2013<\/p>\n<\/div>\n","protected":false},"excerpt":{"rendered":"<p>To samo miejsce co na wczorajszym zdj\u0119ciu, lecz ogl\u0105dane na wi\u0119kszym zbli\u017ceniu. Nie wiem sk\u0105d ten wungiel jedzie, bo z Ostrawy do stolicy to w przeciwn\u0105 stron\u0119. 20.10.2013<\/p>\n","protected":false},"author":1,"featured_media":14080,"comment_status":"open","ping_status":"","sticky":false,"template":"","format":"standard","meta":{"footnotes":""},"categories":[2,55],"tags":[1686,2956,1713,50,49,126,1375],"class_list":["post-14079","post","type-post","status-publish","format-standard","has-post-thumbnail","hentry","category-kolej","category-rok-2013","tag-1686","tag-2013-10-20","tag-bezpravi","tag-cd","tag-czechy","tag-jesien","tag-tab-cz010"],"_links":{"self":[{"href":"http:\/\/wgphoto.pl\/t\/index.php?rest_route=\/wp\/v2\/posts\/14079","targetHints":{"allow":["GET"]}}],"collection":[{"href":"http:\/\/wgphoto.pl\/t\/index.php?rest_route=\/wp\/v2\/posts"}],"about":[{"href":"http:\/\/wgphoto.pl\/t\/index.php?rest_route=\/wp\/v2\/types\/post"}],"author":[{"embeddable":true,"href":"http:\/\/wgphoto.pl\/t\/index.php?rest_route=\/wp\/v2\/users\/1"}],"replies":[{"embeddable":true,"href":"http:\/\/wgphoto.pl\/t\/index.php?rest_route=%2Fwp%2Fv2%2Fcomments&post=14079"}],"version-history":[{"count":1,"href":"http:\/\/wgphoto.pl\/t\/index.php?rest_route=\/wp\/v2\/posts\/14079\/revisions"}],"predecessor-version":[{"id":14081,"href":"http:\/\/wgphoto.pl\/t\/index.php?rest_route=\/wp\/v2\/posts\/14079\/revisions\/14081"}],"wp:featuredmedia":[{"embeddable":true,"href":"http:\/\/wgphoto.pl\/t\/index.php?rest_route=\/wp\/v2\/media\/14080"}],"wp:attachment":[{"href":"http:\/\/wgphoto.pl\/t\/index.php?rest_route=%2Fwp%2Fv2%2Fmedia&parent=14079"}],"wp:term":[{"taxonomy":"category","embeddable":true,"href":"http:\/\/wgphoto.pl\/t\/index.php?rest_route=%2Fwp%2Fv2%2Fcategories&post=14079"},{"taxonomy":"post_tag","embeddable":true,"href":"http:\/\/wgphoto.pl\/t\/index.php?rest_route=%2Fwp%2Fv2%2Ftags&post=14079"}],"curies":[{"name":"wp","href":"https:\/\/api.w.org\/{rel}","templated":true}]}}