{"id":14134,"date":"2025-03-09T10:48:16","date_gmt":"2025-03-09T09:48:16","guid":{"rendered":"https:\/\/wgphoto.pl\/t\/?p=14134"},"modified":"2025-06-12T21:55:25","modified_gmt":"2025-06-12T19:55:25","slug":"dworzec-dolny","status":"publish","type":"post","link":"http:\/\/wgphoto.pl\/t\/?p=14134","title":{"rendered":"Dworzec dolny"},"content":{"rendered":"\n<figure class=\"wp-block-image aligncenter size-full\"><img loading=\"lazy\" decoding=\"async\" width=\"1050\" height=\"700\" src=\"https:\/\/wgphoto.pl\/t\/wp-content\/uploads\/2025\/03\/IMGP0189-1.jpg\" alt=\"\" class=\"wp-image-14135\" srcset=\"http:\/\/wgphoto.pl\/t\/wp-content\/uploads\/2025\/03\/IMGP0189-1.jpg 1050w, http:\/\/wgphoto.pl\/t\/wp-content\/uploads\/2025\/03\/IMGP0189-1-300x200.jpg 300w, http:\/\/wgphoto.pl\/t\/wp-content\/uploads\/2025\/03\/IMGP0189-1-768x512.jpg 768w\" sizes=\"auto, (max-width: 1050px) 100vw, 1050px\" \/><\/figure>\n\n\n\n<div class=\"wp-block-group has-global-padding is-layout-constrained wp-block-group-is-layout-constrained\">\n<p>Dzisiejszy obrazek nie zapewnia raczej przyjemnych wra\u017ce\u0144 estetycznych, ale po prezentacji dworca &#8222;g\u00f3rnego&#8221; (&#8222;g\u0142\u00f3wnego&#8221;) warto te\u017c zaprezentowa\u0107 dworzec dolny (posiadaj\u0105cy w oficjalnej nazwie ten przymiotnik), \u0142\u0105cz\u0105cy funkcj\u0119 dworca kolejowego i autobusowego. Tutejszy budynek przepi\u0119knej urody zacz\u0119to budowa\u0107 w latach 80-tych, a zako\u0144czono w roku\u2026 2001. Stacja ta nie jest kolejowym w\u0119z\u0142em, lecz ofertowo pe\u0142ni rol\u0119 pocz\u0105tku i ko\u0144ca dw\u00f3ch tabel: 142 do niemieckiego Johanngeorgenstadt (przez Karlovy Vary &#8222;g\u0142\u00f3wne&#8221;) oraz 149 do Mari\u00e1nsk\u00fdch L\u00e1zn\u00ed &#8211; obs\u0142ugiwan\u0105 przez GWTR w kooperacji z Vogtlandbahn, st\u0105d te\u017c obecno\u015b\u0107 na stacji niemieckiego pojazdu. 13.04.2011<\/p>\n<\/div>\n","protected":false},"excerpt":{"rendered":"<p>Dzisiejszy obrazek nie zapewnia raczej przyjemnych wra\u017ce\u0144 estetycznych, ale po prezentacji dworca &#8222;g\u00f3rnego&#8221; (&#8222;g\u0142\u00f3wnego&#8221;) warto te\u017c zaprezentowa\u0107 dworzec dolny (posiadaj\u0105cy w oficjalnej nazwie ten przymiotnik), \u0142\u0105cz\u0105cy funkcj\u0119 dworca kolejowego i autobusowego. Tutejszy budynek przepi\u0119knej urody zacz\u0119to budowa\u0107 w latach 80-tych, a zako\u0144czono w roku\u2026 2001. Stacja ta nie jest kolejowym w\u0119z\u0142em, lecz ofertowo pe\u0142ni rol\u0119 [&hellip;]<\/p>\n","protected":false},"author":1,"featured_media":14135,"comment_status":"open","ping_status":"","sticky":false,"template":"","format":"standard","meta":{"footnotes":""},"categories":[2,77],"tags":[752,92,211,50,49,13,3026,933,3423,196,4016,3424,2962,2185],"class_list":["post-14134","post","type-post","status-publish","format-standard","has-post-thumbnail","hentry","category-kolej","category-rok-2011","tag-2011-04-13","tag-92","tag-211","tag-cd","tag-czechy","tag-deszcz","tag-dlb","tag-gwtr","tag-karlovy-vary-dolni-nadrazi","tag-linie-raczej-lokalne","tag-regiosprinter","tag-tab-cz142","tag-tab-cz149","tag-vogtlandbahn"],"_links":{"self":[{"href":"http:\/\/wgphoto.pl\/t\/index.php?rest_route=\/wp\/v2\/posts\/14134","targetHints":{"allow":["GET"]}}],"collection":[{"href":"http:\/\/wgphoto.pl\/t\/index.php?rest_route=\/wp\/v2\/posts"}],"about":[{"href":"http:\/\/wgphoto.pl\/t\/index.php?rest_route=\/wp\/v2\/types\/post"}],"author":[{"embeddable":true,"href":"http:\/\/wgphoto.pl\/t\/index.php?rest_route=\/wp\/v2\/users\/1"}],"replies":[{"embeddable":true,"href":"http:\/\/wgphoto.pl\/t\/index.php?rest_route=%2Fwp%2Fv2%2Fcomments&post=14134"}],"version-history":[{"count":1,"href":"http:\/\/wgphoto.pl\/t\/index.php?rest_route=\/wp\/v2\/posts\/14134\/revisions"}],"predecessor-version":[{"id":14136,"href":"http:\/\/wgphoto.pl\/t\/index.php?rest_route=\/wp\/v2\/posts\/14134\/revisions\/14136"}],"wp:featuredmedia":[{"embeddable":true,"href":"http:\/\/wgphoto.pl\/t\/index.php?rest_route=\/wp\/v2\/media\/14135"}],"wp:attachment":[{"href":"http:\/\/wgphoto.pl\/t\/index.php?rest_route=%2Fwp%2Fv2%2Fmedia&parent=14134"}],"wp:term":[{"taxonomy":"category","embeddable":true,"href":"http:\/\/wgphoto.pl\/t\/index.php?rest_route=%2Fwp%2Fv2%2Fcategories&post=14134"},{"taxonomy":"post_tag","embeddable":true,"href":"http:\/\/wgphoto.pl\/t\/index.php?rest_route=%2Fwp%2Fv2%2Ftags&post=14134"}],"curies":[{"name":"wp","href":"https:\/\/api.w.org\/{rel}","templated":true}]}}