{"id":14239,"date":"2025-03-09T14:19:08","date_gmt":"2025-03-09T13:19:08","guid":{"rendered":"https:\/\/wgphoto.pl\/t\/?p=14239"},"modified":"2025-03-09T14:19:08","modified_gmt":"2025-03-09T13:19:08","slug":"kowalow","status":"publish","type":"post","link":"http:\/\/wgphoto.pl\/t\/?p=14239","title":{"rendered":"Kowal\u00f3w"},"content":{"rendered":"\n<figure class=\"wp-block-image aligncenter size-full\"><img loading=\"lazy\" decoding=\"async\" width=\"1200\" height=\"800\" src=\"https:\/\/wgphoto.pl\/t\/wp-content\/uploads\/2025\/03\/0808-16a.jpg\" alt=\"\" class=\"wp-image-14240\" srcset=\"http:\/\/wgphoto.pl\/t\/wp-content\/uploads\/2025\/03\/0808-16a.jpg 1200w, http:\/\/wgphoto.pl\/t\/wp-content\/uploads\/2025\/03\/0808-16a-300x200.jpg 300w, http:\/\/wgphoto.pl\/t\/wp-content\/uploads\/2025\/03\/0808-16a-768x512.jpg 768w\" sizes=\"auto, (max-width: 1200px) 100vw, 1200px\" \/><\/figure>\n\n\n\n<div class=\"wp-block-group has-global-padding is-layout-constrained wp-block-group-is-layout-constrained\">\n<p>EN57-1779+728 jako poci\u0105g osobowy 8722 ze Szczecina do Zielonej G\u00f3ry wyje\u017cd\u017caj\u0105 z Kowalowa. 03.08.2008<\/p>\n<\/div>\n","protected":false},"excerpt":{"rendered":"<p>EN57-1779+728 jako poci\u0105g osobowy 8722 ze Szczecina do Zielonej G\u00f3ry wyje\u017cd\u017caj\u0105 z Kowalowa. 03.08.2008<\/p>\n","protected":false},"author":1,"featured_media":14240,"comment_status":"open","ping_status":"","sticky":false,"template":"","format":"standard","meta":{"footnotes":""},"categories":[62,2,120],"tags":[493,132,1069,1025,63,27,53,1071],"class_list":["post-14239","post","type-post","status-publish","format-standard","has-post-thumbnail","hentry","category-analog","category-kolej","category-rok-2008","tag-2008-08-03","tag-en57","tag-kowalow","tag-nadodrzanka","tag-pkp","tag-polska","tag-sygnalizacja-ksztaltowa","tag-tab-pl355"],"_links":{"self":[{"href":"http:\/\/wgphoto.pl\/t\/index.php?rest_route=\/wp\/v2\/posts\/14239","targetHints":{"allow":["GET"]}}],"collection":[{"href":"http:\/\/wgphoto.pl\/t\/index.php?rest_route=\/wp\/v2\/posts"}],"about":[{"href":"http:\/\/wgphoto.pl\/t\/index.php?rest_route=\/wp\/v2\/types\/post"}],"author":[{"embeddable":true,"href":"http:\/\/wgphoto.pl\/t\/index.php?rest_route=\/wp\/v2\/users\/1"}],"replies":[{"embeddable":true,"href":"http:\/\/wgphoto.pl\/t\/index.php?rest_route=%2Fwp%2Fv2%2Fcomments&post=14239"}],"version-history":[{"count":1,"href":"http:\/\/wgphoto.pl\/t\/index.php?rest_route=\/wp\/v2\/posts\/14239\/revisions"}],"predecessor-version":[{"id":14241,"href":"http:\/\/wgphoto.pl\/t\/index.php?rest_route=\/wp\/v2\/posts\/14239\/revisions\/14241"}],"wp:featuredmedia":[{"embeddable":true,"href":"http:\/\/wgphoto.pl\/t\/index.php?rest_route=\/wp\/v2\/media\/14240"}],"wp:attachment":[{"href":"http:\/\/wgphoto.pl\/t\/index.php?rest_route=%2Fwp%2Fv2%2Fmedia&parent=14239"}],"wp:term":[{"taxonomy":"category","embeddable":true,"href":"http:\/\/wgphoto.pl\/t\/index.php?rest_route=%2Fwp%2Fv2%2Fcategories&post=14239"},{"taxonomy":"post_tag","embeddable":true,"href":"http:\/\/wgphoto.pl\/t\/index.php?rest_route=%2Fwp%2Fv2%2Ftags&post=14239"}],"curies":[{"name":"wp","href":"https:\/\/api.w.org\/{rel}","templated":true}]}}