{"id":14245,"date":"2025-03-09T14:27:11","date_gmt":"2025-03-09T13:27:11","guid":{"rendered":"https:\/\/wgphoto.pl\/t\/?p=14245"},"modified":"2025-03-09T14:27:11","modified_gmt":"2025-03-09T13:27:11","slug":"wyjazd-z-lubawki","status":"publish","type":"post","link":"http:\/\/wgphoto.pl\/t\/?p=14245","title":{"rendered":"Wyjazd z Lubawki"},"content":{"rendered":"\n<figure class=\"wp-block-image aligncenter size-full\"><img loading=\"lazy\" decoding=\"async\" width=\"750\" height=\"900\" src=\"https:\/\/wgphoto.pl\/t\/wp-content\/uploads\/2025\/03\/2002o-02a.jpg\" alt=\"\" class=\"wp-image-14246\" srcset=\"http:\/\/wgphoto.pl\/t\/wp-content\/uploads\/2025\/03\/2002o-02a.jpg 750w, http:\/\/wgphoto.pl\/t\/wp-content\/uploads\/2025\/03\/2002o-02a-250x300.jpg 250w\" sizes=\"auto, (max-width: 750px) 100vw, 750px\" \/><\/figure>\n\n\n\n<div class=\"wp-block-group has-global-padding is-layout-constrained wp-block-group-is-layout-constrained\">\n<p>SP32-123 z poci\u0105giem osobowym 7732 do Wa\u0142brzycha G\u0142\u00f3wnego wyje\u017cd\u017ca ze stacji pocz\u0105tkowej. 28.06.2002<\/p>\n<\/div>\n","protected":false},"excerpt":{"rendered":"<p>SP32-123 z poci\u0105giem osobowym 7732 do Wa\u0142brzycha G\u0142\u00f3wnego wyje\u017cd\u017ca ze stacji pocz\u0105tkowej. 28.06.2002<\/p>\n","protected":false},"author":1,"featured_media":14246,"comment_status":"open","ping_status":"","sticky":false,"template":"","format":"standard","meta":{"footnotes":""},"categories":[62,2,128,577],"tags":[2800,1435,63,27,385,53,627],"class_list":["post-14245","post","type-post","status-publish","format-standard","has-post-thumbnail","hentry","category-analog","category-kolej","category-pionowe","category-rok-2002","tag-2002-06-28","tag-lubawka","tag-pkp","tag-polska","tag-sp32","tag-sygnalizacja-ksztaltowa","tag-tab-pl247"],"_links":{"self":[{"href":"http:\/\/wgphoto.pl\/t\/index.php?rest_route=\/wp\/v2\/posts\/14245","targetHints":{"allow":["GET"]}}],"collection":[{"href":"http:\/\/wgphoto.pl\/t\/index.php?rest_route=\/wp\/v2\/posts"}],"about":[{"href":"http:\/\/wgphoto.pl\/t\/index.php?rest_route=\/wp\/v2\/types\/post"}],"author":[{"embeddable":true,"href":"http:\/\/wgphoto.pl\/t\/index.php?rest_route=\/wp\/v2\/users\/1"}],"replies":[{"embeddable":true,"href":"http:\/\/wgphoto.pl\/t\/index.php?rest_route=%2Fwp%2Fv2%2Fcomments&post=14245"}],"version-history":[{"count":1,"href":"http:\/\/wgphoto.pl\/t\/index.php?rest_route=\/wp\/v2\/posts\/14245\/revisions"}],"predecessor-version":[{"id":14247,"href":"http:\/\/wgphoto.pl\/t\/index.php?rest_route=\/wp\/v2\/posts\/14245\/revisions\/14247"}],"wp:featuredmedia":[{"embeddable":true,"href":"http:\/\/wgphoto.pl\/t\/index.php?rest_route=\/wp\/v2\/media\/14246"}],"wp:attachment":[{"href":"http:\/\/wgphoto.pl\/t\/index.php?rest_route=%2Fwp%2Fv2%2Fmedia&parent=14245"}],"wp:term":[{"taxonomy":"category","embeddable":true,"href":"http:\/\/wgphoto.pl\/t\/index.php?rest_route=%2Fwp%2Fv2%2Fcategories&post=14245"},{"taxonomy":"post_tag","embeddable":true,"href":"http:\/\/wgphoto.pl\/t\/index.php?rest_route=%2Fwp%2Fv2%2Ftags&post=14245"}],"curies":[{"name":"wp","href":"https:\/\/api.w.org\/{rel}","templated":true}]}}