{"id":14251,"date":"2025-03-09T14:28:49","date_gmt":"2025-03-09T13:28:49","guid":{"rendered":"https:\/\/wgphoto.pl\/t\/?p=14251"},"modified":"2025-03-09T14:28:49","modified_gmt":"2025-03-09T13:28:49","slug":"przedwiosnie-dzien-pozniej","status":"publish","type":"post","link":"http:\/\/wgphoto.pl\/t\/?p=14251","title":{"rendered":"Przedwio\u015bnie dzie\u0144 p\u00f3\u017aniej"},"content":{"rendered":"\n<figure class=\"wp-block-image aligncenter size-full\"><img loading=\"lazy\" decoding=\"async\" width=\"1200\" height=\"675\" src=\"https:\/\/wgphoto.pl\/t\/wp-content\/uploads\/2025\/03\/0310-30.jpg\" alt=\"\" class=\"wp-image-14252\" srcset=\"http:\/\/wgphoto.pl\/t\/wp-content\/uploads\/2025\/03\/0310-30.jpg 1200w, http:\/\/wgphoto.pl\/t\/wp-content\/uploads\/2025\/03\/0310-30-300x169.jpg 300w, http:\/\/wgphoto.pl\/t\/wp-content\/uploads\/2025\/03\/0310-30-768x432.jpg 768w\" sizes=\"auto, (max-width: 1200px) 100vw, 1200px\" \/><\/figure>\n\n\n\n<div class=\"wp-block-group has-global-padding is-layout-constrained wp-block-group-is-layout-constrained\">\n<p>Dzie\u0144 p\u00f3\u017aniej SP32-149 r\u00f3wnie\u017c prowadzi\u0142a poci\u0105gi do Lubawki. Na zdj\u0119ciu ostatnia spo\u015br\u00f3d trzech osob\u00f3wek z Wa\u0142brzycha minie za chwil\u0119 granic\u0119 administracyjn\u0105 Kamiennej G\u00f3ry na szlaku do Lubawki. 20.04.2003<\/p>\n<\/div>\n","protected":false},"excerpt":{"rendered":"<p>Dzie\u0144 p\u00f3\u017aniej SP32-149 r\u00f3wnie\u017c prowadzi\u0142a poci\u0105gi do Lubawki. Na zdj\u0119ciu ostatnia spo\u015br\u00f3d trzech osob\u00f3wek z Wa\u0142brzycha minie za chwil\u0119 granic\u0119 administracyjn\u0105 Kamiennej G\u00f3ry na szlaku do Lubawki. 20.04.2003<\/p>\n","protected":false},"author":1,"featured_media":14252,"comment_status":"open","ping_status":"","sticky":false,"template":"","format":"standard","meta":{"footnotes":""},"categories":[62,2,149],"tags":[3435,626,629,63,27,385,627],"class_list":["post-14251","post","type-post","status-publish","format-standard","has-post-thumbnail","hentry","category-analog","category-kolej","category-rok-2003","tag-2003-04-20","tag-blazkowa","tag-kamienna-gora","tag-pkp","tag-polska","tag-sp32","tag-tab-pl247"],"_links":{"self":[{"href":"http:\/\/wgphoto.pl\/t\/index.php?rest_route=\/wp\/v2\/posts\/14251","targetHints":{"allow":["GET"]}}],"collection":[{"href":"http:\/\/wgphoto.pl\/t\/index.php?rest_route=\/wp\/v2\/posts"}],"about":[{"href":"http:\/\/wgphoto.pl\/t\/index.php?rest_route=\/wp\/v2\/types\/post"}],"author":[{"embeddable":true,"href":"http:\/\/wgphoto.pl\/t\/index.php?rest_route=\/wp\/v2\/users\/1"}],"replies":[{"embeddable":true,"href":"http:\/\/wgphoto.pl\/t\/index.php?rest_route=%2Fwp%2Fv2%2Fcomments&post=14251"}],"version-history":[{"count":1,"href":"http:\/\/wgphoto.pl\/t\/index.php?rest_route=\/wp\/v2\/posts\/14251\/revisions"}],"predecessor-version":[{"id":14253,"href":"http:\/\/wgphoto.pl\/t\/index.php?rest_route=\/wp\/v2\/posts\/14251\/revisions\/14253"}],"wp:featuredmedia":[{"embeddable":true,"href":"http:\/\/wgphoto.pl\/t\/index.php?rest_route=\/wp\/v2\/media\/14252"}],"wp:attachment":[{"href":"http:\/\/wgphoto.pl\/t\/index.php?rest_route=%2Fwp%2Fv2%2Fmedia&parent=14251"}],"wp:term":[{"taxonomy":"category","embeddable":true,"href":"http:\/\/wgphoto.pl\/t\/index.php?rest_route=%2Fwp%2Fv2%2Fcategories&post=14251"},{"taxonomy":"post_tag","embeddable":true,"href":"http:\/\/wgphoto.pl\/t\/index.php?rest_route=%2Fwp%2Fv2%2Ftags&post=14251"}],"curies":[{"name":"wp","href":"https:\/\/api.w.org\/{rel}","templated":true}]}}