{"id":14281,"date":"2025-03-09T14:38:00","date_gmt":"2025-03-09T13:38:00","guid":{"rendered":"https:\/\/wgphoto.pl\/t\/?p=14281"},"modified":"2025-03-09T14:38:00","modified_gmt":"2025-03-09T13:38:00","slug":"wiata-nadgryziona-zebem-czasu","status":"publish","type":"post","link":"http:\/\/wgphoto.pl\/t\/?p=14281","title":{"rendered":"Wiata nadgryziona z\u0119bem czasu"},"content":{"rendered":"\n<figure class=\"wp-block-image aligncenter size-full\"><img loading=\"lazy\" decoding=\"async\" width=\"1050\" height=\"700\" src=\"https:\/\/wgphoto.pl\/t\/wp-content\/uploads\/2025\/03\/0904-14.jpg\" alt=\"\" class=\"wp-image-14282\" srcset=\"http:\/\/wgphoto.pl\/t\/wp-content\/uploads\/2025\/03\/0904-14.jpg 1050w, http:\/\/wgphoto.pl\/t\/wp-content\/uploads\/2025\/03\/0904-14-300x200.jpg 300w, http:\/\/wgphoto.pl\/t\/wp-content\/uploads\/2025\/03\/0904-14-768x512.jpg 768w\" sizes=\"auto, (max-width: 1050px) 100vw, 1050px\" \/><\/figure>\n\n\n\n<div class=\"wp-block-group has-global-padding is-layout-constrained wp-block-group-is-layout-constrained\">\n<p>EU07-477 z poc. 251\/66000 z Pragi do Wroc\u0142awia mija bez zatrzymania przystanek osobowy w Krosnowicach K\u0142odzkich. Kraw\u0119d\u017a peronowa pod nieuj\u0119tym w kadr budynkiem stacyjnym jest dowodem, \u017ce szlak do Krosnowic G\u00f3rnych by\u0142 niegdy\u015b dwutorowy. 31.03.2009<\/p>\n<\/div>\n","protected":false},"excerpt":{"rendered":"<p>EU07-477 z poc. 251\/66000 z Pragi do Wroc\u0142awia mija bez zatrzymania przystanek osobowy w Krosnowicach K\u0142odzkich. Kraw\u0119d\u017a peronowa pod nieuj\u0119tym w kadr budynkiem stacyjnym jest dowodem, \u017ce szlak do Krosnowic G\u00f3rnych by\u0142 niegdy\u015b dwutorowy. 31.03.2009<\/p>\n","protected":false},"author":1,"featured_media":14282,"comment_status":"open","ping_status":"","sticky":false,"template":"","format":"standard","meta":{"footnotes":""},"categories":[62,2,169],"tags":[3438,122,3439,63,27,383],"class_list":["post-14281","post","type-post","status-publish","format-standard","has-post-thumbnail","hentry","category-analog","category-kolej","category-rok-2009","tag-2009-03-31","tag-eu07","tag-krosnowice-klodzkie","tag-pkp","tag-polska","tag-tab-pl230"],"_links":{"self":[{"href":"http:\/\/wgphoto.pl\/t\/index.php?rest_route=\/wp\/v2\/posts\/14281","targetHints":{"allow":["GET"]}}],"collection":[{"href":"http:\/\/wgphoto.pl\/t\/index.php?rest_route=\/wp\/v2\/posts"}],"about":[{"href":"http:\/\/wgphoto.pl\/t\/index.php?rest_route=\/wp\/v2\/types\/post"}],"author":[{"embeddable":true,"href":"http:\/\/wgphoto.pl\/t\/index.php?rest_route=\/wp\/v2\/users\/1"}],"replies":[{"embeddable":true,"href":"http:\/\/wgphoto.pl\/t\/index.php?rest_route=%2Fwp%2Fv2%2Fcomments&post=14281"}],"version-history":[{"count":1,"href":"http:\/\/wgphoto.pl\/t\/index.php?rest_route=\/wp\/v2\/posts\/14281\/revisions"}],"predecessor-version":[{"id":14283,"href":"http:\/\/wgphoto.pl\/t\/index.php?rest_route=\/wp\/v2\/posts\/14281\/revisions\/14283"}],"wp:featuredmedia":[{"embeddable":true,"href":"http:\/\/wgphoto.pl\/t\/index.php?rest_route=\/wp\/v2\/media\/14282"}],"wp:attachment":[{"href":"http:\/\/wgphoto.pl\/t\/index.php?rest_route=%2Fwp%2Fv2%2Fmedia&parent=14281"}],"wp:term":[{"taxonomy":"category","embeddable":true,"href":"http:\/\/wgphoto.pl\/t\/index.php?rest_route=%2Fwp%2Fv2%2Fcategories&post=14281"},{"taxonomy":"post_tag","embeddable":true,"href":"http:\/\/wgphoto.pl\/t\/index.php?rest_route=%2Fwp%2Fv2%2Ftags&post=14281"}],"curies":[{"name":"wp","href":"https:\/\/api.w.org\/{rel}","templated":true}]}}