{"id":14284,"date":"2025-03-09T14:38:54","date_gmt":"2025-03-09T13:38:54","guid":{"rendered":"https:\/\/wgphoto.pl\/t\/?p=14284"},"modified":"2025-03-09T14:38:54","modified_gmt":"2025-03-09T13:38:54","slug":"wiosenna-ostrosc-krajobrazu","status":"publish","type":"post","link":"http:\/\/wgphoto.pl\/t\/?p=14284","title":{"rendered":"Wiosenna ostro\u015b\u0107 krajobrazu"},"content":{"rendered":"\n<figure class=\"wp-block-image aligncenter size-full\"><img loading=\"lazy\" decoding=\"async\" width=\"1050\" height=\"700\" src=\"https:\/\/wgphoto.pl\/t\/wp-content\/uploads\/2025\/03\/0904-17.jpg\" alt=\"\" class=\"wp-image-14285\" srcset=\"http:\/\/wgphoto.pl\/t\/wp-content\/uploads\/2025\/03\/0904-17.jpg 1050w, http:\/\/wgphoto.pl\/t\/wp-content\/uploads\/2025\/03\/0904-17-300x200.jpg 300w, http:\/\/wgphoto.pl\/t\/wp-content\/uploads\/2025\/03\/0904-17-768x512.jpg 768w\" sizes=\"auto, (max-width: 1050px) 100vw, 1050px\" \/><\/figure>\n\n\n\n<div class=\"wp-block-group has-global-padding is-layout-constrained wp-block-group-is-layout-constrained\">\n<p>Odcinek Roztoki Bystrzyckie &#8211; Mi\u0119dzylesie. ET22-994 prowadzi mieszane brutto w kierunku stacji granicznej, gdzie poci\u0105g przejmie czeska obs\u0142uga. W tle widoczne s\u0105 jakie\u015b pomniejsze szczyty Masywu \u015anie\u017cnika. 31.03.2009<\/p>\n<\/div>\n","protected":false},"excerpt":{"rendered":"<p>Odcinek Roztoki Bystrzyckie &#8211; Mi\u0119dzylesie. ET22-994 prowadzi mieszane brutto w kierunku stacji granicznej, gdzie poci\u0105g przejmie czeska obs\u0142uga. W tle widoczne s\u0105 jakie\u015b pomniejsze szczyty Masywu \u015anie\u017cnika. 31.03.2009<\/p>\n","protected":false},"author":1,"featured_media":14285,"comment_status":"open","ping_status":"","sticky":false,"template":"","format":"standard","meta":{"footnotes":""},"categories":[62,2,169],"tags":[3438,26,114,2050,63,27,3440,383],"class_list":["post-14284","post","type-post","status-publish","format-standard","has-post-thumbnail","hentry","category-analog","category-kolej","category-rok-2009","tag-2009-03-31","tag-et22","tag-gory","tag-miedzylesie","tag-pkp","tag-polska","tag-roztoki-bystrzyckie","tag-tab-pl230"],"_links":{"self":[{"href":"http:\/\/wgphoto.pl\/t\/index.php?rest_route=\/wp\/v2\/posts\/14284","targetHints":{"allow":["GET"]}}],"collection":[{"href":"http:\/\/wgphoto.pl\/t\/index.php?rest_route=\/wp\/v2\/posts"}],"about":[{"href":"http:\/\/wgphoto.pl\/t\/index.php?rest_route=\/wp\/v2\/types\/post"}],"author":[{"embeddable":true,"href":"http:\/\/wgphoto.pl\/t\/index.php?rest_route=\/wp\/v2\/users\/1"}],"replies":[{"embeddable":true,"href":"http:\/\/wgphoto.pl\/t\/index.php?rest_route=%2Fwp%2Fv2%2Fcomments&post=14284"}],"version-history":[{"count":1,"href":"http:\/\/wgphoto.pl\/t\/index.php?rest_route=\/wp\/v2\/posts\/14284\/revisions"}],"predecessor-version":[{"id":14286,"href":"http:\/\/wgphoto.pl\/t\/index.php?rest_route=\/wp\/v2\/posts\/14284\/revisions\/14286"}],"wp:featuredmedia":[{"embeddable":true,"href":"http:\/\/wgphoto.pl\/t\/index.php?rest_route=\/wp\/v2\/media\/14285"}],"wp:attachment":[{"href":"http:\/\/wgphoto.pl\/t\/index.php?rest_route=%2Fwp%2Fv2%2Fmedia&parent=14284"}],"wp:term":[{"taxonomy":"category","embeddable":true,"href":"http:\/\/wgphoto.pl\/t\/index.php?rest_route=%2Fwp%2Fv2%2Fcategories&post=14284"},{"taxonomy":"post_tag","embeddable":true,"href":"http:\/\/wgphoto.pl\/t\/index.php?rest_route=%2Fwp%2Fv2%2Ftags&post=14284"}],"curies":[{"name":"wp","href":"https:\/\/api.w.org\/{rel}","templated":true}]}}