{"id":14287,"date":"2025-03-09T14:39:47","date_gmt":"2025-03-09T13:39:47","guid":{"rendered":"https:\/\/wgphoto.pl\/t\/?p=14287"},"modified":"2025-03-09T14:39:47","modified_gmt":"2025-03-09T13:39:47","slug":"snieznik-i-snieznik","status":"publish","type":"post","link":"http:\/\/wgphoto.pl\/t\/?p=14287","title":{"rendered":"\u015anie\u017cnik i \u015anie\u017cnik"},"content":{"rendered":"\n<figure class=\"wp-block-image aligncenter size-full\"><img loading=\"lazy\" decoding=\"async\" width=\"1050\" height=\"700\" src=\"https:\/\/wgphoto.pl\/t\/wp-content\/uploads\/2025\/03\/0904-15.jpg\" alt=\"\" class=\"wp-image-14288\" srcset=\"http:\/\/wgphoto.pl\/t\/wp-content\/uploads\/2025\/03\/0904-15.jpg 1050w, http:\/\/wgphoto.pl\/t\/wp-content\/uploads\/2025\/03\/0904-15-300x200.jpg 300w, http:\/\/wgphoto.pl\/t\/wp-content\/uploads\/2025\/03\/0904-15-768x512.jpg 768w\" sizes=\"auto, (max-width: 1050px) 100vw, 1050px\" \/><\/figure>\n\n\n\n<div class=\"wp-block-group has-global-padding is-layout-constrained wp-block-group-is-layout-constrained\">\n<p>EU07-241 prowadzi poci\u0105g osobowy 3021 &#8222;\u015anie\u017cnik&#8221; z K\u0142odzka G\u0142\u00f3wnego (wagon bezpo\u015bredni z Wroc\u0142awia, wy\u0142\u0105czany z poci\u0105gu jad\u0105cego do Kudowy-Zdroju) do Mi\u0119dzylesia. W tle widoczna jest p\u0142aska sylwetka tytu\u0142owego szczytu. 31.03.2009<\/p>\n<\/div>\n","protected":false},"excerpt":{"rendered":"<p>EU07-241 prowadzi poci\u0105g osobowy 3021 &#8222;\u015anie\u017cnik&#8221; z K\u0142odzka G\u0142\u00f3wnego (wagon bezpo\u015bredni z Wroc\u0142awia, wy\u0142\u0105czany z poci\u0105gu jad\u0105cego do Kudowy-Zdroju) do Mi\u0119dzylesia. W tle widoczna jest p\u0142aska sylwetka tytu\u0142owego szczytu. 31.03.2009<\/p>\n","protected":false},"author":1,"featured_media":14288,"comment_status":"open","ping_status":"","sticky":false,"template":"","format":"standard","meta":{"footnotes":""},"categories":[62,2,169],"tags":[3438,122,114,2050,63,27,3440,383],"class_list":["post-14287","post","type-post","status-publish","format-standard","has-post-thumbnail","hentry","category-analog","category-kolej","category-rok-2009","tag-2009-03-31","tag-eu07","tag-gory","tag-miedzylesie","tag-pkp","tag-polska","tag-roztoki-bystrzyckie","tag-tab-pl230"],"_links":{"self":[{"href":"http:\/\/wgphoto.pl\/t\/index.php?rest_route=\/wp\/v2\/posts\/14287","targetHints":{"allow":["GET"]}}],"collection":[{"href":"http:\/\/wgphoto.pl\/t\/index.php?rest_route=\/wp\/v2\/posts"}],"about":[{"href":"http:\/\/wgphoto.pl\/t\/index.php?rest_route=\/wp\/v2\/types\/post"}],"author":[{"embeddable":true,"href":"http:\/\/wgphoto.pl\/t\/index.php?rest_route=\/wp\/v2\/users\/1"}],"replies":[{"embeddable":true,"href":"http:\/\/wgphoto.pl\/t\/index.php?rest_route=%2Fwp%2Fv2%2Fcomments&post=14287"}],"version-history":[{"count":1,"href":"http:\/\/wgphoto.pl\/t\/index.php?rest_route=\/wp\/v2\/posts\/14287\/revisions"}],"predecessor-version":[{"id":14289,"href":"http:\/\/wgphoto.pl\/t\/index.php?rest_route=\/wp\/v2\/posts\/14287\/revisions\/14289"}],"wp:featuredmedia":[{"embeddable":true,"href":"http:\/\/wgphoto.pl\/t\/index.php?rest_route=\/wp\/v2\/media\/14288"}],"wp:attachment":[{"href":"http:\/\/wgphoto.pl\/t\/index.php?rest_route=%2Fwp%2Fv2%2Fmedia&parent=14287"}],"wp:term":[{"taxonomy":"category","embeddable":true,"href":"http:\/\/wgphoto.pl\/t\/index.php?rest_route=%2Fwp%2Fv2%2Fcategories&post=14287"},{"taxonomy":"post_tag","embeddable":true,"href":"http:\/\/wgphoto.pl\/t\/index.php?rest_route=%2Fwp%2Fv2%2Ftags&post=14287"}],"curies":[{"name":"wp","href":"https:\/\/api.w.org\/{rel}","templated":true}]}}