{"id":14296,"date":"2025-03-09T14:42:32","date_gmt":"2025-03-09T13:42:32","guid":{"rendered":"https:\/\/wgphoto.pl\/t\/?p=14296"},"modified":"2025-03-09T14:42:32","modified_gmt":"2025-03-09T13:42:32","slug":"jeszcze-przez-piec-dni-3","status":"publish","type":"post","link":"http:\/\/wgphoto.pl\/t\/?p=14296","title":{"rendered":"Jeszcze przez pi\u0119\u0107 dni (3)"},"content":{"rendered":"\n<figure class=\"wp-block-image aligncenter size-full\"><img loading=\"lazy\" decoding=\"async\" width=\"1200\" height=\"800\" src=\"https:\/\/wgphoto.pl\/t\/wp-content\/uploads\/2025\/03\/0706-17.jpg\" alt=\"\" class=\"wp-image-14297\" srcset=\"http:\/\/wgphoto.pl\/t\/wp-content\/uploads\/2025\/03\/0706-17.jpg 1200w, http:\/\/wgphoto.pl\/t\/wp-content\/uploads\/2025\/03\/0706-17-300x200.jpg 300w, http:\/\/wgphoto.pl\/t\/wp-content\/uploads\/2025\/03\/0706-17-768x512.jpg 768w\" sizes=\"auto, (max-width: 1200px) 100vw, 1200px\" \/><\/figure>\n\n\n\n<div class=\"wp-block-group has-global-padding is-layout-constrained wp-block-group-is-layout-constrained\">\n<p>Jeszcze jedno foto z akcji fotografowania czeskich diesli w Mi\u0119dzylesiu nadaje si\u0119 do publikacji i to w wi\u0119kszym rozmiarze. Nie pytajcie dlaczego nie wpu\u015bci\u0142em lokomotywy bli\u017cej &#8211; po prostu tak\u0105 mia\u0142em wtedy wizj\u0119, \u017ceby nie zas\u0142ania\u0107 filaru niegdysiejszego wiaduktu, po kt\u00f3rym zreszt\u0105 nie ma dzisiaj \u015bladu. 26.03.2007<\/p>\n<\/div>\n","protected":false},"excerpt":{"rendered":"<p>Jeszcze jedno foto z akcji fotografowania czeskich diesli w Mi\u0119dzylesiu nadaje si\u0119 do publikacji i to w wi\u0119kszym rozmiarze. Nie pytajcie dlaczego nie wpu\u015bci\u0142em lokomotywy bli\u017cej &#8211; po prostu tak\u0105 mia\u0142em wtedy wizj\u0119, \u017ceby nie zas\u0142ania\u0107 filaru niegdysiejszego wiaduktu, po kt\u00f3rym zreszt\u0105 nie ma dzisiaj \u015bladu. 26.03.2007<\/p>\n","protected":false},"author":1,"featured_media":14297,"comment_status":"open","ping_status":"","sticky":false,"template":"","format":"standard","meta":{"footnotes":""},"categories":[62,2,96],"tags":[2561,164,50,249,2051,2050,27,383],"class_list":["post-14296","post","type-post","status-publish","format-standard","has-post-thumbnail","hentry","category-analog","category-kolej","category-rok-2007","tag-2007-03-26","tag-164","tag-cd","tag-goscinne-wystepy","tag-lichkov","tag-miedzylesie","tag-polska","tag-tab-pl230"],"_links":{"self":[{"href":"http:\/\/wgphoto.pl\/t\/index.php?rest_route=\/wp\/v2\/posts\/14296","targetHints":{"allow":["GET"]}}],"collection":[{"href":"http:\/\/wgphoto.pl\/t\/index.php?rest_route=\/wp\/v2\/posts"}],"about":[{"href":"http:\/\/wgphoto.pl\/t\/index.php?rest_route=\/wp\/v2\/types\/post"}],"author":[{"embeddable":true,"href":"http:\/\/wgphoto.pl\/t\/index.php?rest_route=\/wp\/v2\/users\/1"}],"replies":[{"embeddable":true,"href":"http:\/\/wgphoto.pl\/t\/index.php?rest_route=%2Fwp%2Fv2%2Fcomments&post=14296"}],"version-history":[{"count":1,"href":"http:\/\/wgphoto.pl\/t\/index.php?rest_route=\/wp\/v2\/posts\/14296\/revisions"}],"predecessor-version":[{"id":14298,"href":"http:\/\/wgphoto.pl\/t\/index.php?rest_route=\/wp\/v2\/posts\/14296\/revisions\/14298"}],"wp:featuredmedia":[{"embeddable":true,"href":"http:\/\/wgphoto.pl\/t\/index.php?rest_route=\/wp\/v2\/media\/14297"}],"wp:attachment":[{"href":"http:\/\/wgphoto.pl\/t\/index.php?rest_route=%2Fwp%2Fv2%2Fmedia&parent=14296"}],"wp:term":[{"taxonomy":"category","embeddable":true,"href":"http:\/\/wgphoto.pl\/t\/index.php?rest_route=%2Fwp%2Fv2%2Fcategories&post=14296"},{"taxonomy":"post_tag","embeddable":true,"href":"http:\/\/wgphoto.pl\/t\/index.php?rest_route=%2Fwp%2Fv2%2Ftags&post=14296"}],"curies":[{"name":"wp","href":"https:\/\/api.w.org\/{rel}","templated":true}]}}