{"id":14314,"date":"2025-03-09T17:40:14","date_gmt":"2025-03-09T16:40:14","guid":{"rendered":"https:\/\/wgphoto.pl\/t\/?p=14314"},"modified":"2025-03-09T17:40:14","modified_gmt":"2025-03-09T16:40:14","slug":"na-wsiadanego","status":"publish","type":"post","link":"http:\/\/wgphoto.pl\/t\/?p=14314","title":{"rendered":"Na wsiadanego"},"content":{"rendered":"\n<figure class=\"wp-block-image aligncenter size-full\"><img loading=\"lazy\" decoding=\"async\" width=\"900\" height=\"600\" src=\"https:\/\/wgphoto.pl\/t\/wp-content\/uploads\/2025\/03\/dscf5845.jpg\" alt=\"\" class=\"wp-image-14315\" srcset=\"http:\/\/wgphoto.pl\/t\/wp-content\/uploads\/2025\/03\/dscf5845.jpg 900w, http:\/\/wgphoto.pl\/t\/wp-content\/uploads\/2025\/03\/dscf5845-300x200.jpg 300w, http:\/\/wgphoto.pl\/t\/wp-content\/uploads\/2025\/03\/dscf5845-768x512.jpg 768w\" sizes=\"auto, (max-width: 900px) 100vw, 900px\" \/><\/figure>\n\n\n\n<div class=\"wp-block-group has-global-padding is-layout-constrained wp-block-group-is-layout-constrained\">\n<p>Poci\u0105g osobowy 22446 z Boles\u0142awca do Jeleniej G\u00f3ry zatrzymuje si\u0119 w Marczowie. Kr\u00f3tki, zimowy dzie\u0144 dobiega ko\u0144ca, pora wi\u0119c wraca\u0107 do domu. 23.12.2007<\/p>\n<\/div>\n","protected":false},"excerpt":{"rendered":"<p>Poci\u0105g osobowy 22446 z Boles\u0142awca do Jeleniej G\u00f3ry zatrzymuje si\u0119 w Marczowie. Kr\u00f3tki, zimowy dzie\u0144 dobiega ko\u0144ca, pora wi\u0119c wraca\u0107 do domu. 23.12.2007<\/p>\n","protected":false},"author":1,"featured_media":14315,"comment_status":"open","ping_status":"","sticky":false,"template":"","format":"standard","meta":{"footnotes":""},"categories":[2,96],"tags":[2340,1395,1186,63,27,250,363],"class_list":["post-14314","post","type-post","status-publish","format-standard","has-post-thumbnail","hentry","category-kolej","category-rok-2007","tag-2007-12-23","tag-marczow","tag-na-wsiadanego","tag-pkp","tag-polska","tag-su42","tag-tab-pl250"],"_links":{"self":[{"href":"http:\/\/wgphoto.pl\/t\/index.php?rest_route=\/wp\/v2\/posts\/14314","targetHints":{"allow":["GET"]}}],"collection":[{"href":"http:\/\/wgphoto.pl\/t\/index.php?rest_route=\/wp\/v2\/posts"}],"about":[{"href":"http:\/\/wgphoto.pl\/t\/index.php?rest_route=\/wp\/v2\/types\/post"}],"author":[{"embeddable":true,"href":"http:\/\/wgphoto.pl\/t\/index.php?rest_route=\/wp\/v2\/users\/1"}],"replies":[{"embeddable":true,"href":"http:\/\/wgphoto.pl\/t\/index.php?rest_route=%2Fwp%2Fv2%2Fcomments&post=14314"}],"version-history":[{"count":1,"href":"http:\/\/wgphoto.pl\/t\/index.php?rest_route=\/wp\/v2\/posts\/14314\/revisions"}],"predecessor-version":[{"id":14316,"href":"http:\/\/wgphoto.pl\/t\/index.php?rest_route=\/wp\/v2\/posts\/14314\/revisions\/14316"}],"wp:featuredmedia":[{"embeddable":true,"href":"http:\/\/wgphoto.pl\/t\/index.php?rest_route=\/wp\/v2\/media\/14315"}],"wp:attachment":[{"href":"http:\/\/wgphoto.pl\/t\/index.php?rest_route=%2Fwp%2Fv2%2Fmedia&parent=14314"}],"wp:term":[{"taxonomy":"category","embeddable":true,"href":"http:\/\/wgphoto.pl\/t\/index.php?rest_route=%2Fwp%2Fv2%2Fcategories&post=14314"},{"taxonomy":"post_tag","embeddable":true,"href":"http:\/\/wgphoto.pl\/t\/index.php?rest_route=%2Fwp%2Fv2%2Ftags&post=14314"}],"curies":[{"name":"wp","href":"https:\/\/api.w.org\/{rel}","templated":true}]}}