{"id":14317,"date":"2025-03-09T17:41:13","date_gmt":"2025-03-09T16:41:13","guid":{"rendered":"https:\/\/wgphoto.pl\/t\/?p=14317"},"modified":"2025-03-09T17:41:13","modified_gmt":"2025-03-09T16:41:13","slug":"estakada-na-barrandov","status":"publish","type":"post","link":"http:\/\/wgphoto.pl\/t\/?p=14317","title":{"rendered":"Estakada na Barrandov"},"content":{"rendered":"\n<figure class=\"wp-block-image aligncenter size-full\"><img loading=\"lazy\" decoding=\"async\" width=\"990\" height=\"660\" src=\"https:\/\/wgphoto.pl\/t\/wp-content\/uploads\/2025\/03\/dscf7908.jpg\" alt=\"\" class=\"wp-image-14318\" srcset=\"http:\/\/wgphoto.pl\/t\/wp-content\/uploads\/2025\/03\/dscf7908.jpg 990w, http:\/\/wgphoto.pl\/t\/wp-content\/uploads\/2025\/03\/dscf7908-300x200.jpg 300w, http:\/\/wgphoto.pl\/t\/wp-content\/uploads\/2025\/03\/dscf7908-768x512.jpg 768w\" sizes=\"auto, (max-width: 990px) 100vw, 990px\" \/><\/figure>\n\n\n\n<div class=\"wp-block-group has-global-padding is-layout-constrained wp-block-group-is-layout-constrained\">\n<p>Szkodnik (zwany w Pradze czasem je\u017cd\u017c\u0105cym sklepem z \u017celastwem, czes. poj\u00edzdn\u00e9 \u017eelez\u00e1\u0159stv\u00ed) wspina si\u0119, o\u015bwietlany popo\u0142udniowym s\u0142o\u0144cem, na osiedle Barrandov. 10.11.2008<\/p>\n<\/div>\n","protected":false},"excerpt":{"rendered":"<p>Szkodnik (zwany w Pradze czasem je\u017cd\u017c\u0105cym sklepem z \u017celastwem, czes. poj\u00edzdn\u00e9 \u017eelez\u00e1\u0159stv\u00ed) wspina si\u0119, o\u015bwietlany popo\u0142udniowym s\u0142o\u0144cem, na osiedle Barrandov. 10.11.2008<\/p>\n","protected":false},"author":1,"featured_media":14318,"comment_status":"open","ping_status":"","sticky":false,"template":"","format":"standard","meta":{"footnotes":""},"categories":[120,3],"tags":[2058,49,1049,52,1496,216],"class_list":["post-14317","post","type-post","status-publish","format-standard","has-post-thumbnail","hentry","category-rok-2008","category-tramwaj","tag-2008-11-10","tag-czechy","tag-dp-praha","tag-praga","tag-skoda-14t","tag-skoda-elektra"],"_links":{"self":[{"href":"http:\/\/wgphoto.pl\/t\/index.php?rest_route=\/wp\/v2\/posts\/14317","targetHints":{"allow":["GET"]}}],"collection":[{"href":"http:\/\/wgphoto.pl\/t\/index.php?rest_route=\/wp\/v2\/posts"}],"about":[{"href":"http:\/\/wgphoto.pl\/t\/index.php?rest_route=\/wp\/v2\/types\/post"}],"author":[{"embeddable":true,"href":"http:\/\/wgphoto.pl\/t\/index.php?rest_route=\/wp\/v2\/users\/1"}],"replies":[{"embeddable":true,"href":"http:\/\/wgphoto.pl\/t\/index.php?rest_route=%2Fwp%2Fv2%2Fcomments&post=14317"}],"version-history":[{"count":1,"href":"http:\/\/wgphoto.pl\/t\/index.php?rest_route=\/wp\/v2\/posts\/14317\/revisions"}],"predecessor-version":[{"id":14319,"href":"http:\/\/wgphoto.pl\/t\/index.php?rest_route=\/wp\/v2\/posts\/14317\/revisions\/14319"}],"wp:featuredmedia":[{"embeddable":true,"href":"http:\/\/wgphoto.pl\/t\/index.php?rest_route=\/wp\/v2\/media\/14318"}],"wp:attachment":[{"href":"http:\/\/wgphoto.pl\/t\/index.php?rest_route=%2Fwp%2Fv2%2Fmedia&parent=14317"}],"wp:term":[{"taxonomy":"category","embeddable":true,"href":"http:\/\/wgphoto.pl\/t\/index.php?rest_route=%2Fwp%2Fv2%2Fcategories&post=14317"},{"taxonomy":"post_tag","embeddable":true,"href":"http:\/\/wgphoto.pl\/t\/index.php?rest_route=%2Fwp%2Fv2%2Ftags&post=14317"}],"curies":[{"name":"wp","href":"https:\/\/api.w.org\/{rel}","templated":true}]}}