{"id":14320,"date":"2025-03-09T17:42:02","date_gmt":"2025-03-09T16:42:02","guid":{"rendered":"https:\/\/wgphoto.pl\/t\/?p=14320"},"modified":"2025-03-09T17:42:02","modified_gmt":"2025-03-09T16:42:02","slug":"linka-21","status":"publish","type":"post","link":"http:\/\/wgphoto.pl\/t\/?p=14320","title":{"rendered":"Linka 21"},"content":{"rendered":"\n<figure class=\"wp-block-image aligncenter size-full\"><img loading=\"lazy\" decoding=\"async\" width=\"990\" height=\"660\" src=\"https:\/\/wgphoto.pl\/t\/wp-content\/uploads\/2025\/03\/dscf7895.jpg\" alt=\"\" class=\"wp-image-14321\" srcset=\"http:\/\/wgphoto.pl\/t\/wp-content\/uploads\/2025\/03\/dscf7895.jpg 990w, http:\/\/wgphoto.pl\/t\/wp-content\/uploads\/2025\/03\/dscf7895-300x200.jpg 300w, http:\/\/wgphoto.pl\/t\/wp-content\/uploads\/2025\/03\/dscf7895-768x512.jpg 768w\" sizes=\"auto, (max-width: 990px) 100vw, 990px\" \/><\/figure>\n\n\n\n<div class=\"wp-block-group has-global-padding is-layout-constrained wp-block-group-is-layout-constrained\">\n<p>Praga, ul. Vod\u00e1rensk\u00e1. Tramwaj okresowej linii 21, kursuj\u0105cej w relacji Podolsk\u00e1 vod\u00e1rna &#8211; S\u00eddli\u0161t\u011b Mod\u0159any w zwi\u0105zku z vyluk\u0105 w Wyszehradzkim Tunelu, obje\u017cd\u017ca p\u0119tl\u0119 w formie kryterium ulicznego, mijaj\u0105c jak\u0105\u015b karos\u0119. Na p\u0119tli tej mo\u017cna si\u0119 by\u0142o przesi\u0105\u015b\u0107 na dwie linie komunikacji zast\u0119pczej: autobusow\u0105 oraz\u2026 promow\u0105 (omijaj\u0105c\u0105 tunel We\u0142taw\u0105, p\u0142yn\u0105c\u0105 tu\u017c obok zamkni\u0119tej ulicy). 10.11.2008<\/p>\n<\/div>\n","protected":false},"excerpt":{"rendered":"<p>Praga, ul. Vod\u00e1rensk\u00e1. Tramwaj okresowej linii 21, kursuj\u0105cej w relacji Podolsk\u00e1 vod\u00e1rna &#8211; S\u00eddli\u0161t\u011b Mod\u0159any w zwi\u0105zku z vyluk\u0105 w Wyszehradzkim Tunelu, obje\u017cd\u017ca p\u0119tl\u0119 w formie kryterium ulicznego, mijaj\u0105c jak\u0105\u015b karos\u0119. Na p\u0119tli tej mo\u017cna si\u0119 by\u0142o przesi\u0105\u015b\u0107 na dwie linie komunikacji zast\u0119pczej: autobusow\u0105 oraz\u2026 promow\u0105 (omijaj\u0105c\u0105 tunel We\u0142taw\u0105, p\u0142yn\u0105c\u0105 tu\u017c obok zamkni\u0119tej ulicy). 10.11.2008<\/p>\n","protected":false},"author":1,"featured_media":14321,"comment_status":"open","ping_status":"","sticky":false,"template":"","format":"standard","meta":{"footnotes":""},"categories":[120,3],"tags":[2058,898,49,1049,52,1011],"class_list":["post-14320","post","type-post","status-publish","format-standard","has-post-thumbnail","hentry","category-rok-2008","category-tramwaj","tag-2008-11-10","tag-autobus","tag-czechy","tag-dp-praha","tag-praga","tag-tatra-t3"],"_links":{"self":[{"href":"http:\/\/wgphoto.pl\/t\/index.php?rest_route=\/wp\/v2\/posts\/14320","targetHints":{"allow":["GET"]}}],"collection":[{"href":"http:\/\/wgphoto.pl\/t\/index.php?rest_route=\/wp\/v2\/posts"}],"about":[{"href":"http:\/\/wgphoto.pl\/t\/index.php?rest_route=\/wp\/v2\/types\/post"}],"author":[{"embeddable":true,"href":"http:\/\/wgphoto.pl\/t\/index.php?rest_route=\/wp\/v2\/users\/1"}],"replies":[{"embeddable":true,"href":"http:\/\/wgphoto.pl\/t\/index.php?rest_route=%2Fwp%2Fv2%2Fcomments&post=14320"}],"version-history":[{"count":1,"href":"http:\/\/wgphoto.pl\/t\/index.php?rest_route=\/wp\/v2\/posts\/14320\/revisions"}],"predecessor-version":[{"id":14322,"href":"http:\/\/wgphoto.pl\/t\/index.php?rest_route=\/wp\/v2\/posts\/14320\/revisions\/14322"}],"wp:featuredmedia":[{"embeddable":true,"href":"http:\/\/wgphoto.pl\/t\/index.php?rest_route=\/wp\/v2\/media\/14321"}],"wp:attachment":[{"href":"http:\/\/wgphoto.pl\/t\/index.php?rest_route=%2Fwp%2Fv2%2Fmedia&parent=14320"}],"wp:term":[{"taxonomy":"category","embeddable":true,"href":"http:\/\/wgphoto.pl\/t\/index.php?rest_route=%2Fwp%2Fv2%2Fcategories&post=14320"},{"taxonomy":"post_tag","embeddable":true,"href":"http:\/\/wgphoto.pl\/t\/index.php?rest_route=%2Fwp%2Fv2%2Ftags&post=14320"}],"curies":[{"name":"wp","href":"https:\/\/api.w.org\/{rel}","templated":true}]}}