{"id":14326,"date":"2025-03-09T17:44:12","date_gmt":"2025-03-09T16:44:12","guid":{"rendered":"https:\/\/wgphoto.pl\/t\/?p=14326"},"modified":"2025-03-09T17:44:12","modified_gmt":"2025-03-09T16:44:12","slug":"en57-913-muszyna-poprad","status":"publish","type":"post","link":"http:\/\/wgphoto.pl\/t\/?p=14326","title":{"rendered":"EN57-913, Muszyna Poprad"},"content":{"rendered":"\n<figure class=\"wp-block-image aligncenter size-full\"><img loading=\"lazy\" decoding=\"async\" width=\"900\" height=\"675\" src=\"https:\/\/wgphoto.pl\/t\/wp-content\/uploads\/2025\/03\/DSCF7367.jpg\" alt=\"\" class=\"wp-image-14327\" srcset=\"http:\/\/wgphoto.pl\/t\/wp-content\/uploads\/2025\/03\/DSCF7367.jpg 900w, http:\/\/wgphoto.pl\/t\/wp-content\/uploads\/2025\/03\/DSCF7367-300x225.jpg 300w, http:\/\/wgphoto.pl\/t\/wp-content\/uploads\/2025\/03\/DSCF7367-768x576.jpg 768w\" sizes=\"auto, (max-width: 900px) 100vw, 900px\" \/><\/figure>\n\n\n\n<div class=\"wp-block-group has-global-padding is-layout-constrained wp-block-group-is-layout-constrained\">\n<p>Mi\u0119dzynarodowy poci\u0105g osobowy 88761 relacji Plave\u010d &#8211; Krynica za chwil\u0119 zatrzyma si\u0119 na przystanku Muszyna Poprad. 16.08.2008<\/p>\n<\/div>\n","protected":false},"excerpt":{"rendered":"<p>Mi\u0119dzynarodowy poci\u0105g osobowy 88761 relacji Plave\u010d &#8211; Krynica za chwil\u0119 zatrzyma si\u0119 na przystanku Muszyna Poprad. 16.08.2008<\/p>\n","protected":false},"author":1,"featured_media":14327,"comment_status":"open","ping_status":"","sticky":false,"template":"","format":"standard","meta":{"footnotes":""},"categories":[2,120],"tags":[2675,132,114,45,3443,63,27,261],"class_list":["post-14326","post","type-post","status-publish","format-standard","has-post-thumbnail","hentry","category-kolej","category-rok-2008","tag-2008-08-16","tag-en57","tag-gory","tag-most","tag-muszyna-poprad","tag-pkp","tag-polska","tag-tab-pl130"],"_links":{"self":[{"href":"http:\/\/wgphoto.pl\/t\/index.php?rest_route=\/wp\/v2\/posts\/14326","targetHints":{"allow":["GET"]}}],"collection":[{"href":"http:\/\/wgphoto.pl\/t\/index.php?rest_route=\/wp\/v2\/posts"}],"about":[{"href":"http:\/\/wgphoto.pl\/t\/index.php?rest_route=\/wp\/v2\/types\/post"}],"author":[{"embeddable":true,"href":"http:\/\/wgphoto.pl\/t\/index.php?rest_route=\/wp\/v2\/users\/1"}],"replies":[{"embeddable":true,"href":"http:\/\/wgphoto.pl\/t\/index.php?rest_route=%2Fwp%2Fv2%2Fcomments&post=14326"}],"version-history":[{"count":1,"href":"http:\/\/wgphoto.pl\/t\/index.php?rest_route=\/wp\/v2\/posts\/14326\/revisions"}],"predecessor-version":[{"id":14328,"href":"http:\/\/wgphoto.pl\/t\/index.php?rest_route=\/wp\/v2\/posts\/14326\/revisions\/14328"}],"wp:featuredmedia":[{"embeddable":true,"href":"http:\/\/wgphoto.pl\/t\/index.php?rest_route=\/wp\/v2\/media\/14327"}],"wp:attachment":[{"href":"http:\/\/wgphoto.pl\/t\/index.php?rest_route=%2Fwp%2Fv2%2Fmedia&parent=14326"}],"wp:term":[{"taxonomy":"category","embeddable":true,"href":"http:\/\/wgphoto.pl\/t\/index.php?rest_route=%2Fwp%2Fv2%2Fcategories&post=14326"},{"taxonomy":"post_tag","embeddable":true,"href":"http:\/\/wgphoto.pl\/t\/index.php?rest_route=%2Fwp%2Fv2%2Ftags&post=14326"}],"curies":[{"name":"wp","href":"https:\/\/api.w.org\/{rel}","templated":true}]}}