{"id":14384,"date":"2025-03-09T22:37:25","date_gmt":"2025-03-09T21:37:25","guid":{"rendered":"https:\/\/wgphoto.pl\/t\/?p=14384"},"modified":"2025-03-09T22:37:25","modified_gmt":"2025-03-09T21:37:25","slug":"rabino","status":"publish","type":"post","link":"http:\/\/wgphoto.pl\/t\/?p=14384","title":{"rendered":"R\u0105bino"},"content":{"rendered":"\n<figure class=\"wp-block-image aligncenter size-full\"><img loading=\"lazy\" decoding=\"async\" width=\"1200\" height=\"800\" src=\"https:\/\/wgphoto.pl\/t\/wp-content\/uploads\/2025\/03\/0809-05.jpg\" alt=\"\" class=\"wp-image-14385\" srcset=\"http:\/\/wgphoto.pl\/t\/wp-content\/uploads\/2025\/03\/0809-05.jpg 1200w, http:\/\/wgphoto.pl\/t\/wp-content\/uploads\/2025\/03\/0809-05-300x200.jpg 300w, http:\/\/wgphoto.pl\/t\/wp-content\/uploads\/2025\/03\/0809-05-768x512.jpg 768w\" sizes=\"auto, (max-width: 1200px) 100vw, 1200px\" \/><\/figure>\n\n\n\n<div class=\"wp-block-group has-global-padding is-layout-constrained wp-block-group-is-layout-constrained\">\n<p>Po nocy sp\u0119dzonej w rze\u017aniach na odcinkach Krzy\u017c &#8211; Pozna\u0144 i Pozna\u0144 &#8211; Bia\u0142ogard pojecha\u0142em do Worowa aby zafoci\u0107 tamtejsze kszta\u0142ty. Na miejscu la\u0142 deszcz i by\u0142o ciemno wi\u0119c czym pr\u0119dzej wsiad\u0142em w najbli\u017cszy poci\u0105g. Kolejnym celem by\u0142o R\u0105bino. Tutaj te\u017c la\u0142o i parametr by\u0142 kiepski (1\/125 s i f=4) ale zdecydowa\u0142em si\u0119 sp\u0119dzi\u0107 tu troch\u0119 wi\u0119cej czasu, wi\u0119kszo\u015b\u0107 pod dachem opuszczonej ekspedycji kolejowej. Na zdj\u0119ciu: ED72-006 jako poci\u0105g osobowy 89121 ze S\u0142upska do Szczecina G\u0142. wyrusza w dalsz\u0105 drog\u0119. 05.08.2008<\/p>\n<\/div>\n","protected":false},"excerpt":{"rendered":"<p>Po nocy sp\u0119dzonej w rze\u017aniach na odcinkach Krzy\u017c &#8211; Pozna\u0144 i Pozna\u0144 &#8211; Bia\u0142ogard pojecha\u0142em do Worowa aby zafoci\u0107 tamtejsze kszta\u0142ty. Na miejscu la\u0142 deszcz i by\u0142o ciemno wi\u0119c czym pr\u0119dzej wsiad\u0142em w najbli\u017cszy poci\u0105g. Kolejnym celem by\u0142o R\u0105bino. Tutaj te\u017c la\u0142o i parametr by\u0142 kiepski (1\/125 s i f=4) ale zdecydowa\u0142em si\u0119 sp\u0119dzi\u0107 tu [&hellip;]<\/p>\n","protected":false},"author":1,"featured_media":14385,"comment_status":"open","ping_status":"","sticky":false,"template":"","format":"standard","meta":{"footnotes":""},"categories":[62,2,120],"tags":[3361,13,743,173,63,27,3454,53,909],"class_list":["post-14384","post","type-post","status-publish","format-standard","has-post-thumbnail","hentry","category-analog","category-kolej","category-rok-2008","tag-2008-08-05","tag-deszcz","tag-ed72","tag-koncowki","tag-pkp","tag-polska","tag-rabino","tag-sygnalizacja-ksztaltowa","tag-tab-pl380"],"_links":{"self":[{"href":"http:\/\/wgphoto.pl\/t\/index.php?rest_route=\/wp\/v2\/posts\/14384","targetHints":{"allow":["GET"]}}],"collection":[{"href":"http:\/\/wgphoto.pl\/t\/index.php?rest_route=\/wp\/v2\/posts"}],"about":[{"href":"http:\/\/wgphoto.pl\/t\/index.php?rest_route=\/wp\/v2\/types\/post"}],"author":[{"embeddable":true,"href":"http:\/\/wgphoto.pl\/t\/index.php?rest_route=\/wp\/v2\/users\/1"}],"replies":[{"embeddable":true,"href":"http:\/\/wgphoto.pl\/t\/index.php?rest_route=%2Fwp%2Fv2%2Fcomments&post=14384"}],"version-history":[{"count":1,"href":"http:\/\/wgphoto.pl\/t\/index.php?rest_route=\/wp\/v2\/posts\/14384\/revisions"}],"predecessor-version":[{"id":14386,"href":"http:\/\/wgphoto.pl\/t\/index.php?rest_route=\/wp\/v2\/posts\/14384\/revisions\/14386"}],"wp:featuredmedia":[{"embeddable":true,"href":"http:\/\/wgphoto.pl\/t\/index.php?rest_route=\/wp\/v2\/media\/14385"}],"wp:attachment":[{"href":"http:\/\/wgphoto.pl\/t\/index.php?rest_route=%2Fwp%2Fv2%2Fmedia&parent=14384"}],"wp:term":[{"taxonomy":"category","embeddable":true,"href":"http:\/\/wgphoto.pl\/t\/index.php?rest_route=%2Fwp%2Fv2%2Fcategories&post=14384"},{"taxonomy":"post_tag","embeddable":true,"href":"http:\/\/wgphoto.pl\/t\/index.php?rest_route=%2Fwp%2Fv2%2Ftags&post=14384"}],"curies":[{"name":"wp","href":"https:\/\/api.w.org\/{rel}","templated":true}]}}