{"id":14471,"date":"2025-03-10T21:20:25","date_gmt":"2025-03-10T20:20:25","guid":{"rendered":"https:\/\/wgphoto.pl\/t\/?p=14471"},"modified":"2025-03-10T21:20:25","modified_gmt":"2025-03-10T20:20:25","slug":"austriak-pod-pradem-stalym","status":"publish","type":"post","link":"http:\/\/wgphoto.pl\/t\/?p=14471","title":{"rendered":"Austriak pod pr\u0105dem sta\u0142ym"},"content":{"rendered":"\n<figure class=\"wp-block-image aligncenter size-full\"><img loading=\"lazy\" decoding=\"async\" width=\"1200\" height=\"800\" src=\"https:\/\/wgphoto.pl\/t\/wp-content\/uploads\/2025\/03\/IMGP8242.jpg\" alt=\"\" class=\"wp-image-14472\" srcset=\"http:\/\/wgphoto.pl\/t\/wp-content\/uploads\/2025\/03\/IMGP8242.jpg 1200w, http:\/\/wgphoto.pl\/t\/wp-content\/uploads\/2025\/03\/IMGP8242-300x200.jpg 300w, http:\/\/wgphoto.pl\/t\/wp-content\/uploads\/2025\/03\/IMGP8242-768x512.jpg 768w\" sizes=\"auto, (max-width: 1200px) 100vw, 1200px\" \/><\/figure>\n\n\n\n<div class=\"wp-block-group has-global-padding is-layout-constrained wp-block-group-is-layout-constrained\">\n<p>Op\u00f3\u017aniony oko\u0142o dw\u00f3ch godzin EC 172 &#8222;Vindobona&#8221; z Villach do Hamburga-Altony przez Wiede\u0144 i Prag\u0119 (1527 km, 16 godz. 20 min jazdy) pokonuje niezmodernizowany odcinek g\u0142\u00f3wnej czeskiej magistrali w okolicy Brand\u00fdse nad Orlic\u00ed. 11.10.2010<\/p>\n<\/div>\n","protected":false},"excerpt":{"rendered":"<p>Op\u00f3\u017aniony oko\u0142o dw\u00f3ch godzin EC 172 &#8222;Vindobona&#8221; z Villach do Hamburga-Altony przez Wiede\u0144 i Prag\u0119 (1527 km, 16 godz. 20 min jazdy) pokonuje niezmodernizowany odcinek g\u0142\u00f3wnej czeskiej magistrali w okolicy Brand\u00fdse nad Orlic\u00ed. 11.10.2010<\/p>\n","protected":false},"author":1,"featured_media":14472,"comment_status":"open","ping_status":"","sticky":false,"template":"","format":"standard","meta":{"footnotes":""},"categories":[2,86],"tags":[3462,1715,1713,1714,49,249,126,11,119,1375],"class_list":["post-14471","post","type-post","status-publish","format-standard","has-post-thumbnail","hentry","category-kolej","category-rok-2010","tag-3462","tag-2010-10-11","tag-bezpravi","tag-brandys-nad-orlici","tag-czechy","tag-goscinne-wystepy","tag-jesien","tag-obb","tag-siemens-taurus","tag-tab-cz010"],"_links":{"self":[{"href":"http:\/\/wgphoto.pl\/t\/index.php?rest_route=\/wp\/v2\/posts\/14471","targetHints":{"allow":["GET"]}}],"collection":[{"href":"http:\/\/wgphoto.pl\/t\/index.php?rest_route=\/wp\/v2\/posts"}],"about":[{"href":"http:\/\/wgphoto.pl\/t\/index.php?rest_route=\/wp\/v2\/types\/post"}],"author":[{"embeddable":true,"href":"http:\/\/wgphoto.pl\/t\/index.php?rest_route=\/wp\/v2\/users\/1"}],"replies":[{"embeddable":true,"href":"http:\/\/wgphoto.pl\/t\/index.php?rest_route=%2Fwp%2Fv2%2Fcomments&post=14471"}],"version-history":[{"count":1,"href":"http:\/\/wgphoto.pl\/t\/index.php?rest_route=\/wp\/v2\/posts\/14471\/revisions"}],"predecessor-version":[{"id":14473,"href":"http:\/\/wgphoto.pl\/t\/index.php?rest_route=\/wp\/v2\/posts\/14471\/revisions\/14473"}],"wp:featuredmedia":[{"embeddable":true,"href":"http:\/\/wgphoto.pl\/t\/index.php?rest_route=\/wp\/v2\/media\/14472"}],"wp:attachment":[{"href":"http:\/\/wgphoto.pl\/t\/index.php?rest_route=%2Fwp%2Fv2%2Fmedia&parent=14471"}],"wp:term":[{"taxonomy":"category","embeddable":true,"href":"http:\/\/wgphoto.pl\/t\/index.php?rest_route=%2Fwp%2Fv2%2Fcategories&post=14471"},{"taxonomy":"post_tag","embeddable":true,"href":"http:\/\/wgphoto.pl\/t\/index.php?rest_route=%2Fwp%2Fv2%2Ftags&post=14471"}],"curies":[{"name":"wp","href":"https:\/\/api.w.org\/{rel}","templated":true}]}}