{"id":14480,"date":"2025-03-10T21:23:21","date_gmt":"2025-03-10T20:23:21","guid":{"rendered":"https:\/\/wgphoto.pl\/t\/?p=14480"},"modified":"2025-03-10T21:23:21","modified_gmt":"2025-03-10T20:23:21","slug":"siedem-lat-temu","status":"publish","type":"post","link":"http:\/\/wgphoto.pl\/t\/?p=14480","title":{"rendered":"Siedem lat temu"},"content":{"rendered":"\n<figure class=\"wp-block-image aligncenter size-full\"><img loading=\"lazy\" decoding=\"async\" width=\"1200\" height=\"800\" src=\"https:\/\/wgphoto.pl\/t\/wp-content\/uploads\/2025\/03\/IMGP6159.jpg\" alt=\"\" class=\"wp-image-14481\" srcset=\"http:\/\/wgphoto.pl\/t\/wp-content\/uploads\/2025\/03\/IMGP6159.jpg 1200w, http:\/\/wgphoto.pl\/t\/wp-content\/uploads\/2025\/03\/IMGP6159-300x200.jpg 300w, http:\/\/wgphoto.pl\/t\/wp-content\/uploads\/2025\/03\/IMGP6159-768x512.jpg 768w\" sizes=\"auto, (max-width: 1200px) 100vw, 1200px\" \/><\/figure>\n\n\n\n<div class=\"wp-block-group has-global-padding is-layout-constrained wp-block-group-is-layout-constrained\">\n<p>\u2026w kierunku Legnicy turla\u0142y si\u0119 EN57, a wody Bystrzycy by\u0142y nieco wzburzone z powodu sporych opad\u00f3w. (opis powsta\u0142 oczywi\u015bcie kilka lat wcze\u015bniej ni\u017c widoczna tu data wrzutki) 28.06.2009<\/p>\n<\/div>\n","protected":false},"excerpt":{"rendered":"<p>\u2026w kierunku Legnicy turla\u0142y si\u0119 EN57, a wody Bystrzycy by\u0142y nieco wzburzone z powodu sporych opad\u00f3w. (opis powsta\u0142 oczywi\u015bcie kilka lat wcze\u015bniej ni\u017c widoczna tu data wrzutki) 28.06.2009<\/p>\n","protected":false},"author":1,"featured_media":14481,"comment_status":"open","ping_status":"","sticky":false,"template":"","format":"standard","meta":{"footnotes":""},"categories":[2,169],"tags":[3463,132,45,63,27,74,73,233,41,926,924],"class_list":["post-14480","post","type-post","status-publish","format-standard","has-post-thumbnail","hentry","category-kolej","category-rok-2009","tag-2009-06-28","tag-en57","tag-most","tag-pkp","tag-polska","tag-powodz","tag-rzeka","tag-tab-pl260","tag-wroclaw","tag-wroclaw-lesnica","tag-wroclaw-zerniki"],"_links":{"self":[{"href":"http:\/\/wgphoto.pl\/t\/index.php?rest_route=\/wp\/v2\/posts\/14480","targetHints":{"allow":["GET"]}}],"collection":[{"href":"http:\/\/wgphoto.pl\/t\/index.php?rest_route=\/wp\/v2\/posts"}],"about":[{"href":"http:\/\/wgphoto.pl\/t\/index.php?rest_route=\/wp\/v2\/types\/post"}],"author":[{"embeddable":true,"href":"http:\/\/wgphoto.pl\/t\/index.php?rest_route=\/wp\/v2\/users\/1"}],"replies":[{"embeddable":true,"href":"http:\/\/wgphoto.pl\/t\/index.php?rest_route=%2Fwp%2Fv2%2Fcomments&post=14480"}],"version-history":[{"count":1,"href":"http:\/\/wgphoto.pl\/t\/index.php?rest_route=\/wp\/v2\/posts\/14480\/revisions"}],"predecessor-version":[{"id":14482,"href":"http:\/\/wgphoto.pl\/t\/index.php?rest_route=\/wp\/v2\/posts\/14480\/revisions\/14482"}],"wp:featuredmedia":[{"embeddable":true,"href":"http:\/\/wgphoto.pl\/t\/index.php?rest_route=\/wp\/v2\/media\/14481"}],"wp:attachment":[{"href":"http:\/\/wgphoto.pl\/t\/index.php?rest_route=%2Fwp%2Fv2%2Fmedia&parent=14480"}],"wp:term":[{"taxonomy":"category","embeddable":true,"href":"http:\/\/wgphoto.pl\/t\/index.php?rest_route=%2Fwp%2Fv2%2Fcategories&post=14480"},{"taxonomy":"post_tag","embeddable":true,"href":"http:\/\/wgphoto.pl\/t\/index.php?rest_route=%2Fwp%2Fv2%2Ftags&post=14480"}],"curies":[{"name":"wp","href":"https:\/\/api.w.org\/{rel}","templated":true}]}}