{"id":14547,"date":"2025-03-10T21:43:57","date_gmt":"2025-03-10T20:43:57","guid":{"rendered":"https:\/\/wgphoto.pl\/t\/?p=14547"},"modified":"2025-03-12T18:59:59","modified_gmt":"2025-03-12T17:59:59","slug":"zielona-cytadela","status":"publish","type":"post","link":"http:\/\/wgphoto.pl\/t\/?p=14547","title":{"rendered":"Zielona Cytadela"},"content":{"rendered":"\n<figure class=\"wp-block-image aligncenter size-full\"><img loading=\"lazy\" decoding=\"async\" width=\"1200\" height=\"795\" src=\"https:\/\/wgphoto.pl\/t\/wp-content\/uploads\/2025\/03\/IMGP4698.jpg\" alt=\"\" class=\"wp-image-14548\" srcset=\"http:\/\/wgphoto.pl\/t\/wp-content\/uploads\/2025\/03\/IMGP4698.jpg 1200w, http:\/\/wgphoto.pl\/t\/wp-content\/uploads\/2025\/03\/IMGP4698-300x199.jpg 300w, http:\/\/wgphoto.pl\/t\/wp-content\/uploads\/2025\/03\/IMGP4698-768x509.jpg 768w\" sizes=\"auto, (max-width: 1200px) 100vw, 1200px\" \/><\/figure>\n\n\n\n<div class=\"wp-block-group has-global-padding is-layout-constrained wp-block-group-is-layout-constrained\">\n<p>Skoro mowa o Friedensreichu Hundertwasserze, nie mo\u017ce zabrakn\u0105\u0107 magdeburskiego Hundertwasserhaus. Na zdj\u0119ciu Alstom odje\u017cd\u017ca z przystanku zlokalizowanego w s\u0105siedztwie Zielonej Cytadeli, nazwanej tak zapewne z uwagi na posadzenie ro\u015blin na dachu i w innych zakamarkach elewacji. To ostatnie dzie\u0142o Hundertwassera, zbudowane w latach 2004-2005, pi\u0119\u0107 lat po \u015bmierci architekta. Je\u015bli za\u015b o foto chodzi, z\u0142ota godzina o zmierzchu by\u0142a tutaj konieczna aby pokaza\u0107 p\u00f3\u0142nocn\u0105 elewacj\u0119 w s\u0142oneczny dzie\u0144. 2016-05-01<\/p>\n<\/div>\n","protected":false},"excerpt":{"rendered":"<p>Skoro mowa o Friedensreichu Hundertwasserze, nie mo\u017ce zabrakn\u0105\u0107 magdeburskiego Hundertwasserhaus. Na zdj\u0119ciu Alstom odje\u017cd\u017ca z przystanku zlokalizowanego w s\u0105siedztwie Zielonej Cytadeli, nazwanej tak zapewne z uwagi na posadzenie ro\u015blin na dachu i w innych zakamarkach elewacji. To ostatnie dzie\u0142o Hundertwassera, zbudowane w latach 2004-2005, pi\u0119\u0107 lat po \u015bmierci architekta. Je\u015bli za\u015b o foto chodzi, z\u0142ota [&hellip;]<\/p>\n","protected":false},"author":1,"featured_media":14548,"comment_status":"open","ping_status":"","sticky":false,"template":"","format":"standard","meta":{"footnotes":""},"categories":[125,3],"tags":[1407,1408,34,1405,635,1406,23],"class_list":["post-14547","post","type-post","status-publish","format-standard","has-post-thumbnail","hentry","category-rok-2016","category-tramwaj","tag-2016-05-01","tag-alstom-citadis200","tag-architektura","tag-magdeburg","tag-majowka-2016","tag-mvb-magdeburg","tag-niemcy"],"_links":{"self":[{"href":"http:\/\/wgphoto.pl\/t\/index.php?rest_route=\/wp\/v2\/posts\/14547","targetHints":{"allow":["GET"]}}],"collection":[{"href":"http:\/\/wgphoto.pl\/t\/index.php?rest_route=\/wp\/v2\/posts"}],"about":[{"href":"http:\/\/wgphoto.pl\/t\/index.php?rest_route=\/wp\/v2\/types\/post"}],"author":[{"embeddable":true,"href":"http:\/\/wgphoto.pl\/t\/index.php?rest_route=\/wp\/v2\/users\/1"}],"replies":[{"embeddable":true,"href":"http:\/\/wgphoto.pl\/t\/index.php?rest_route=%2Fwp%2Fv2%2Fcomments&post=14547"}],"version-history":[{"count":1,"href":"http:\/\/wgphoto.pl\/t\/index.php?rest_route=\/wp\/v2\/posts\/14547\/revisions"}],"predecessor-version":[{"id":14549,"href":"http:\/\/wgphoto.pl\/t\/index.php?rest_route=\/wp\/v2\/posts\/14547\/revisions\/14549"}],"wp:featuredmedia":[{"embeddable":true,"href":"http:\/\/wgphoto.pl\/t\/index.php?rest_route=\/wp\/v2\/media\/14548"}],"wp:attachment":[{"href":"http:\/\/wgphoto.pl\/t\/index.php?rest_route=%2Fwp%2Fv2%2Fmedia&parent=14547"}],"wp:term":[{"taxonomy":"category","embeddable":true,"href":"http:\/\/wgphoto.pl\/t\/index.php?rest_route=%2Fwp%2Fv2%2Fcategories&post=14547"},{"taxonomy":"post_tag","embeddable":true,"href":"http:\/\/wgphoto.pl\/t\/index.php?rest_route=%2Fwp%2Fv2%2Ftags&post=14547"}],"curies":[{"name":"wp","href":"https:\/\/api.w.org\/{rel}","templated":true}]}}