{"id":14588,"date":"2025-03-11T18:19:42","date_gmt":"2025-03-11T17:19:42","guid":{"rendered":"https:\/\/wgphoto.pl\/t\/?p=14588"},"modified":"2025-03-11T18:19:42","modified_gmt":"2025-03-11T17:19:42","slug":"754-057-8","status":"publish","type":"post","link":"http:\/\/wgphoto.pl\/t\/?p=14588","title":{"rendered":"754 057-8"},"content":{"rendered":"\n<figure class=\"wp-block-image aligncenter size-full\"><img loading=\"lazy\" decoding=\"async\" width=\"1200\" height=\"803\" src=\"https:\/\/wgphoto.pl\/t\/wp-content\/uploads\/2025\/03\/IMGP0411.jpg\" alt=\"\" class=\"wp-image-14589\" srcset=\"http:\/\/wgphoto.pl\/t\/wp-content\/uploads\/2025\/03\/IMGP0411.jpg 1200w, http:\/\/wgphoto.pl\/t\/wp-content\/uploads\/2025\/03\/IMGP0411-300x201.jpg 300w, http:\/\/wgphoto.pl\/t\/wp-content\/uploads\/2025\/03\/IMGP0411-768x514.jpg 768w\" sizes=\"auto, (max-width: 1200px) 100vw, 1200px\" \/><\/figure>\n\n\n\n<div class=\"wp-block-group has-global-padding is-layout-constrained wp-block-group-is-layout-constrained\">\n<p>Poci\u0105g osobowy z \u017deleznej Rudy-Al\u017eb\u011bt\u00edna do Dob\u0159an (planowo do Pilzna) za par\u0119 minut osi\u0105gnie stacj\u0119 Janovice nad \u00dahlavou. 2011-04-14<\/p>\n<\/div>\n","protected":false},"excerpt":{"rendered":"<p>Poci\u0105g osobowy z \u017deleznej Rudy-Al\u017eb\u011bt\u00edna do Dob\u0159an (planowo do Pilzna) za par\u0119 minut osi\u0105gnie stacj\u0119 Janovice nad \u00dahlavou. 2011-04-14<\/p>\n","protected":false},"author":1,"featured_media":14589,"comment_status":"open","ping_status":"","sticky":false,"template":"","format":"standard","meta":{"footnotes":""},"categories":[2,77],"tags":[456,335,50,49,1699,522],"class_list":["post-14588","post","type-post","status-publish","format-standard","has-post-thumbnail","hentry","category-kolej","category-rok-2011","tag-2011-04-14","tag-335","tag-cd","tag-czechy","tag-janovice-nad-uhlavou","tag-tab-cz183"],"_links":{"self":[{"href":"http:\/\/wgphoto.pl\/t\/index.php?rest_route=\/wp\/v2\/posts\/14588","targetHints":{"allow":["GET"]}}],"collection":[{"href":"http:\/\/wgphoto.pl\/t\/index.php?rest_route=\/wp\/v2\/posts"}],"about":[{"href":"http:\/\/wgphoto.pl\/t\/index.php?rest_route=\/wp\/v2\/types\/post"}],"author":[{"embeddable":true,"href":"http:\/\/wgphoto.pl\/t\/index.php?rest_route=\/wp\/v2\/users\/1"}],"replies":[{"embeddable":true,"href":"http:\/\/wgphoto.pl\/t\/index.php?rest_route=%2Fwp%2Fv2%2Fcomments&post=14588"}],"version-history":[{"count":1,"href":"http:\/\/wgphoto.pl\/t\/index.php?rest_route=\/wp\/v2\/posts\/14588\/revisions"}],"predecessor-version":[{"id":14590,"href":"http:\/\/wgphoto.pl\/t\/index.php?rest_route=\/wp\/v2\/posts\/14588\/revisions\/14590"}],"wp:featuredmedia":[{"embeddable":true,"href":"http:\/\/wgphoto.pl\/t\/index.php?rest_route=\/wp\/v2\/media\/14589"}],"wp:attachment":[{"href":"http:\/\/wgphoto.pl\/t\/index.php?rest_route=%2Fwp%2Fv2%2Fmedia&parent=14588"}],"wp:term":[{"taxonomy":"category","embeddable":true,"href":"http:\/\/wgphoto.pl\/t\/index.php?rest_route=%2Fwp%2Fv2%2Fcategories&post=14588"},{"taxonomy":"post_tag","embeddable":true,"href":"http:\/\/wgphoto.pl\/t\/index.php?rest_route=%2Fwp%2Fv2%2Ftags&post=14588"}],"curies":[{"name":"wp","href":"https:\/\/api.w.org\/{rel}","templated":true}]}}