{"id":14637,"date":"2025-03-12T18:36:23","date_gmt":"2025-03-12T17:36:23","guid":{"rendered":"https:\/\/wgphoto.pl\/t\/?p=14637"},"modified":"2025-03-12T18:36:23","modified_gmt":"2025-03-12T17:36:23","slug":"martwa-natura","status":"publish","type":"post","link":"http:\/\/wgphoto.pl\/t\/?p=14637","title":{"rendered":"Martwa natura"},"content":{"rendered":"\n<figure class=\"wp-block-image aligncenter size-full\"><img loading=\"lazy\" decoding=\"async\" width=\"1200\" height=\"800\" src=\"https:\/\/wgphoto.pl\/t\/wp-content\/uploads\/2025\/03\/IMGP1975.jpg\" alt=\"\" class=\"wp-image-14639\" srcset=\"http:\/\/wgphoto.pl\/t\/wp-content\/uploads\/2025\/03\/IMGP1975.jpg 1200w, http:\/\/wgphoto.pl\/t\/wp-content\/uploads\/2025\/03\/IMGP1975-300x200.jpg 300w, http:\/\/wgphoto.pl\/t\/wp-content\/uploads\/2025\/03\/IMGP1975-768x512.jpg 768w\" sizes=\"auto, (max-width: 1200px) 100vw, 1200px\" \/><\/figure>\n\n\n\n<div class=\"wp-block-group has-global-padding is-layout-constrained wp-block-group-is-layout-constrained\">\n<p>Pomnik przed dworcem w Aradzie sfotografowany bardzo wczesnym rankiem (takie mia\u0142em wra\u017cenie ze wzgl\u0119du na zmian\u0119 strefy czasowej przy przekraczaniu granicy rumu\u0144skiej), po desancie z nocnej rze\u017ani z Budapesztu i zbyt kr\u00f3tkim \u015bnie. 19.08.2015<\/p>\n<\/div>\n","protected":false},"excerpt":{"rendered":"<p>Pomnik przed dworcem w Aradzie sfotografowany bardzo wczesnym rankiem (takie mia\u0142em wra\u017cenie ze wzgl\u0119du na zmian\u0119 strefy czasowej przy przekraczaniu granicy rumu\u0144skiej), po desancie z nocnej rze\u017ani z Budapesztu i zbyt kr\u00f3tkim \u015bnie. 19.08.2015<\/p>\n","protected":false},"author":1,"featured_media":14639,"comment_status":"open","ping_status":"","sticky":false,"template":"","format":"standard","meta":{"footnotes":""},"categories":[2,104],"tags":[1173,1178,958,154,358,574,380,107],"class_list":["post-14637","post","type-post","status-publish","format-standard","has-post-thumbnail","hentry","category-kolej","category-rok-2015","tag-2015-08-19","tag-arad","tag-cfr","tag-noc","tag-parowoz","tag-rumunia","tag-spod-dworca","tag-wakacje-2015"],"_links":{"self":[{"href":"http:\/\/wgphoto.pl\/t\/index.php?rest_route=\/wp\/v2\/posts\/14637","targetHints":{"allow":["GET"]}}],"collection":[{"href":"http:\/\/wgphoto.pl\/t\/index.php?rest_route=\/wp\/v2\/posts"}],"about":[{"href":"http:\/\/wgphoto.pl\/t\/index.php?rest_route=\/wp\/v2\/types\/post"}],"author":[{"embeddable":true,"href":"http:\/\/wgphoto.pl\/t\/index.php?rest_route=\/wp\/v2\/users\/1"}],"replies":[{"embeddable":true,"href":"http:\/\/wgphoto.pl\/t\/index.php?rest_route=%2Fwp%2Fv2%2Fcomments&post=14637"}],"version-history":[{"count":1,"href":"http:\/\/wgphoto.pl\/t\/index.php?rest_route=\/wp\/v2\/posts\/14637\/revisions"}],"predecessor-version":[{"id":14640,"href":"http:\/\/wgphoto.pl\/t\/index.php?rest_route=\/wp\/v2\/posts\/14637\/revisions\/14640"}],"wp:featuredmedia":[{"embeddable":true,"href":"http:\/\/wgphoto.pl\/t\/index.php?rest_route=\/wp\/v2\/media\/14639"}],"wp:attachment":[{"href":"http:\/\/wgphoto.pl\/t\/index.php?rest_route=%2Fwp%2Fv2%2Fmedia&parent=14637"}],"wp:term":[{"taxonomy":"category","embeddable":true,"href":"http:\/\/wgphoto.pl\/t\/index.php?rest_route=%2Fwp%2Fv2%2Fcategories&post=14637"},{"taxonomy":"post_tag","embeddable":true,"href":"http:\/\/wgphoto.pl\/t\/index.php?rest_route=%2Fwp%2Fv2%2Ftags&post=14637"}],"curies":[{"name":"wp","href":"https:\/\/api.w.org\/{rel}","templated":true}]}}