{"id":1466,"date":"2024-10-03T22:34:15","date_gmt":"2024-10-03T20:34:15","guid":{"rendered":"https:\/\/wgphoto.pl\/t\/?p=1466"},"modified":"2024-10-03T22:34:15","modified_gmt":"2024-10-03T20:34:15","slug":"lightbox","status":"publish","type":"post","link":"http:\/\/wgphoto.pl\/t\/?p=1466","title":{"rendered":"Lightbox"},"content":{"rendered":"\n<figure class=\"wp-block-image aligncenter size-full\"><img loading=\"lazy\" decoding=\"async\" width=\"1200\" height=\"795\" src=\"https:\/\/wgphoto.pl\/t\/wp-content\/uploads\/2024\/10\/IMGP8349.jpg\" alt=\"\" class=\"wp-image-1467\" srcset=\"http:\/\/wgphoto.pl\/t\/wp-content\/uploads\/2024\/10\/IMGP8349.jpg 1200w, http:\/\/wgphoto.pl\/t\/wp-content\/uploads\/2024\/10\/IMGP8349-300x199.jpg 300w, http:\/\/wgphoto.pl\/t\/wp-content\/uploads\/2024\/10\/IMGP8349-768x509.jpg 768w\" sizes=\"auto, (max-width: 1200px) 100vw, 1200px\" \/><\/figure>\n\n\n\n<div class=\"wp-block-group has-global-padding is-layout-constrained wp-block-group-is-layout-constrained\">\n<p>Bernina Express BEX 950 relacji Tirano &#8211; Chur przemierza szlak Ospizio Bernina &#8211; Bernina Lagalb. Ten znany poci\u0105g to nic specjalnego. Sk\u0142ad wagon\u00f3w panoramicznych (spotykanych te\u017c w planowych osob\u00f3wkach, tyle \u017ce w mniejszych ilo\u015bciach) prowadzi g\u00f3rski Stadler, kt\u00f3ry troch\u0119 marnuje sw\u00f3j potencja\u0142 przewozowy, poniewa\u017c jedzie pusty &#8211; kto chcia\u0142by dop\u0142aca\u0107 do BEX po to by usi\u0105\u015b\u0107 w zwyczajnym, niepanoramicznym wagonie? <\/p>\n\n\n\n<p>Je\u015bli za\u015b chodzi o zdj\u0119cie &#8211; nie jest ono prze\u015bwietlone, a jednolita i ostra biel dok\u0142adnie odzwierciedla panuj\u0105ce wtedy warunki. Pomimo zachmurzenia \u015bnieg by\u0142 tak bia\u0142y, \u017ce bez okular\u00f3w przeciws\u0142onecznych nie da\u0142o si\u0119 wytrzyma\u0107 d\u0142u\u017cej ni\u017c kilka sekund, natomiast brak s\u0142o\u0144ca i tym samym brak cieni na fakturze jednolicie bia\u0142ego \u015bniegu sprawia\u0142, \u017ce b\u0142\u0119dnik zaczyna\u0142 wariowa\u0107. Czu\u0142em si\u0119 tam jakby mnie kto\u015b zamkn\u0105\u0142 w jednolicie bia\u0142ym lightboxie, a po 30 minutach marszu w takich warunkach nie mog\u0142em po prostu wytrzyma\u0107 i chcia\u0142em natychmiast ucieka\u0107 w jakie\u015b miejsce, gdzie b\u0119d\u0105 jakiekolwiek punkty odniesienia dla b\u0142\u0119dnika. Na szcz\u0119\u015bcie przez chmury zacz\u0119\u0142o przenika\u0107 delikatne s\u0142o\u0144ce, tworz\u0105c cienie na \u015bniegu. 26.03.2018<\/p>\n<\/div>\n","protected":false},"excerpt":{"rendered":"<p>Bernina Express BEX 950 relacji Tirano &#8211; Chur przemierza szlak Ospizio Bernina &#8211; Bernina Lagalb. Ten znany poci\u0105g to nic specjalnego. Sk\u0142ad wagon\u00f3w panoramicznych (spotykanych te\u017c w planowych osob\u00f3wkach, tyle \u017ce w mniejszych ilo\u015bciach) prowadzi g\u00f3rski Stadler, kt\u00f3ry troch\u0119 marnuje sw\u00f3j potencja\u0142 przewozowy, poniewa\u017c jedzie pusty &#8211; kto chcia\u0142by dop\u0142aca\u0107 do BEX po to by [&hellip;]<\/p>\n","protected":false},"author":1,"featured_media":1467,"comment_status":"open","ping_status":"","sticky":false,"template":"","format":"standard","meta":{"footnotes":""},"categories":[2,156],"tags":[736,733,114,734,737,44,735,183,186],"class_list":["post-1466","post","type-post","status-publish","format-standard","has-post-thumbnail","hentry","category-kolej","category-rok-2018","tag-2018-03-26","tag-bernina-lagalb","tag-gory","tag-ospizio-bernina","tag-rhatische-bahn","tag-snieg","tag-stadler-allegra","tag-suissetrip-2018","tag-szwajcaria"],"_links":{"self":[{"href":"http:\/\/wgphoto.pl\/t\/index.php?rest_route=\/wp\/v2\/posts\/1466","targetHints":{"allow":["GET"]}}],"collection":[{"href":"http:\/\/wgphoto.pl\/t\/index.php?rest_route=\/wp\/v2\/posts"}],"about":[{"href":"http:\/\/wgphoto.pl\/t\/index.php?rest_route=\/wp\/v2\/types\/post"}],"author":[{"embeddable":true,"href":"http:\/\/wgphoto.pl\/t\/index.php?rest_route=\/wp\/v2\/users\/1"}],"replies":[{"embeddable":true,"href":"http:\/\/wgphoto.pl\/t\/index.php?rest_route=%2Fwp%2Fv2%2Fcomments&post=1466"}],"version-history":[{"count":1,"href":"http:\/\/wgphoto.pl\/t\/index.php?rest_route=\/wp\/v2\/posts\/1466\/revisions"}],"predecessor-version":[{"id":1468,"href":"http:\/\/wgphoto.pl\/t\/index.php?rest_route=\/wp\/v2\/posts\/1466\/revisions\/1468"}],"wp:featuredmedia":[{"embeddable":true,"href":"http:\/\/wgphoto.pl\/t\/index.php?rest_route=\/wp\/v2\/media\/1467"}],"wp:attachment":[{"href":"http:\/\/wgphoto.pl\/t\/index.php?rest_route=%2Fwp%2Fv2%2Fmedia&parent=1466"}],"wp:term":[{"taxonomy":"category","embeddable":true,"href":"http:\/\/wgphoto.pl\/t\/index.php?rest_route=%2Fwp%2Fv2%2Fcategories&post=1466"},{"taxonomy":"post_tag","embeddable":true,"href":"http:\/\/wgphoto.pl\/t\/index.php?rest_route=%2Fwp%2Fv2%2Ftags&post=1466"}],"curies":[{"name":"wp","href":"https:\/\/api.w.org\/{rel}","templated":true}]}}