{"id":14694,"date":"2025-03-12T18:57:14","date_gmt":"2025-03-12T17:57:14","guid":{"rendered":"https:\/\/wgphoto.pl\/t\/?p=14694"},"modified":"2025-03-12T18:57:36","modified_gmt":"2025-03-12T17:57:36","slug":"szybkie-skomunikowanie","status":"publish","type":"post","link":"http:\/\/wgphoto.pl\/t\/?p=14694","title":{"rendered":"Szybkie skomunikowanie"},"content":{"rendered":"\n<figure class=\"wp-block-image aligncenter size-full\"><img loading=\"lazy\" decoding=\"async\" width=\"1200\" height=\"795\" src=\"https:\/\/wgphoto.pl\/t\/wp-content\/uploads\/2025\/03\/IMGP3243.jpg\" alt=\"\" class=\"wp-image-14695\" srcset=\"http:\/\/wgphoto.pl\/t\/wp-content\/uploads\/2025\/03\/IMGP3243.jpg 1200w, http:\/\/wgphoto.pl\/t\/wp-content\/uploads\/2025\/03\/IMGP3243-300x199.jpg 300w, http:\/\/wgphoto.pl\/t\/wp-content\/uploads\/2025\/03\/IMGP3243-768x509.jpg 768w\" sizes=\"auto, (max-width: 1200px) 100vw, 1200px\" \/><\/figure>\n\n\n\n<div class=\"wp-block-group has-global-padding is-layout-constrained wp-block-group-is-layout-constrained\">\n<p>O tej porze nie tylko mijaj\u0105 si\u0119 tu poci\u0105gi GWTR obs\u0142uguj\u0105ce tras\u0119 z Karlovych Var\u00f3w do Mari\u00e1nsk\u00fdch L\u00e1zn\u00ed, ale komunikuje si\u0119 z nimi r\u00f3wnie\u017c motorak narodowego przewo\u017anika, obs\u0142uguj\u0105cy lokalk\u0119 do Rakovn\u00edka. Ca\u0142a akcja rozk\u0142adowo trwa pi\u0119\u0107 minut (na taki te\u017c czas moja noga postan\u0119\u0142a w tej mie\u015bcinie), ale \u017ce poci\u0105g z s\u0105siedniego zdj\u0119cia by\u0142 odrobin\u0119 sp\u00f3\u017aniony, atmosfera sta\u0142a si\u0119 nieco nerwowa, poniewa\u017c planowa\u0142em wsi\u0105\u015b\u0107 w pojazd po lewej, a przecie\u017c trzeba jeszcze foto cykn\u0105\u0107 &#8211; po to tu przyjecha\u0142em. \ud83d\ude09 Uwa\u017cny obserwator dostrze\u017ce dwa zielone piksele w tle, oba widoczne poci\u0105gi maj\u0105 ju\u017c bowiem podany wyjazd. 2014-03-30<\/p>\n<\/div>\n","protected":false},"excerpt":{"rendered":"<p>O tej porze nie tylko mijaj\u0105 si\u0119 tu poci\u0105gi GWTR obs\u0142uguj\u0105ce tras\u0119 z Karlovych Var\u00f3w do Mari\u00e1nsk\u00fdch L\u00e1zn\u00ed, ale komunikuje si\u0119 z nimi r\u00f3wnie\u017c motorak narodowego przewo\u017anika, obs\u0142uguj\u0105cy lokalk\u0119 do Rakovn\u00edka. Ca\u0142a akcja rozk\u0142adowo trwa pi\u0119\u0107 minut (na taki te\u017c czas moja noga postan\u0119\u0142a w tej mie\u015bcinie), ale \u017ce poci\u0105g z s\u0105siedniego zdj\u0119cia by\u0142 odrobin\u0119 [&hellip;]<\/p>\n","protected":false},"author":1,"featured_media":14695,"comment_status":"open","ping_status":"","sticky":false,"template":"","format":"standard","meta":{"footnotes":""},"categories":[2,48],"tags":[2066,92,2961,3489,50,49,933,196,1186,2962,3488],"class_list":["post-14694","post","type-post","status-publish","format-standard","has-post-thumbnail","hentry","category-kolej","category-rok-2014","tag-2014-03-30","tag-92","tag-2961","tag-becov-nad-teplou","tag-cd","tag-czechy","tag-gwtr","tag-linie-raczej-lokalne","tag-na-wsiadanego","tag-tab-cz149","tag-tab-cz161"],"_links":{"self":[{"href":"http:\/\/wgphoto.pl\/t\/index.php?rest_route=\/wp\/v2\/posts\/14694","targetHints":{"allow":["GET"]}}],"collection":[{"href":"http:\/\/wgphoto.pl\/t\/index.php?rest_route=\/wp\/v2\/posts"}],"about":[{"href":"http:\/\/wgphoto.pl\/t\/index.php?rest_route=\/wp\/v2\/types\/post"}],"author":[{"embeddable":true,"href":"http:\/\/wgphoto.pl\/t\/index.php?rest_route=\/wp\/v2\/users\/1"}],"replies":[{"embeddable":true,"href":"http:\/\/wgphoto.pl\/t\/index.php?rest_route=%2Fwp%2Fv2%2Fcomments&post=14694"}],"version-history":[{"count":1,"href":"http:\/\/wgphoto.pl\/t\/index.php?rest_route=\/wp\/v2\/posts\/14694\/revisions"}],"predecessor-version":[{"id":14696,"href":"http:\/\/wgphoto.pl\/t\/index.php?rest_route=\/wp\/v2\/posts\/14694\/revisions\/14696"}],"wp:featuredmedia":[{"embeddable":true,"href":"http:\/\/wgphoto.pl\/t\/index.php?rest_route=\/wp\/v2\/media\/14695"}],"wp:attachment":[{"href":"http:\/\/wgphoto.pl\/t\/index.php?rest_route=%2Fwp%2Fv2%2Fmedia&parent=14694"}],"wp:term":[{"taxonomy":"category","embeddable":true,"href":"http:\/\/wgphoto.pl\/t\/index.php?rest_route=%2Fwp%2Fv2%2Fcategories&post=14694"},{"taxonomy":"post_tag","embeddable":true,"href":"http:\/\/wgphoto.pl\/t\/index.php?rest_route=%2Fwp%2Fv2%2Ftags&post=14694"}],"curies":[{"name":"wp","href":"https:\/\/api.w.org\/{rel}","templated":true}]}}