{"id":14736,"date":"2025-03-13T17:49:14","date_gmt":"2025-03-13T16:49:14","guid":{"rendered":"https:\/\/wgphoto.pl\/t\/?p=14736"},"modified":"2025-03-13T17:49:14","modified_gmt":"2025-03-13T16:49:14","slug":"witamy-w-miescie-3","status":"publish","type":"post","link":"http:\/\/wgphoto.pl\/t\/?p=14736","title":{"rendered":"Witamy w mie\u015bcie"},"content":{"rendered":"\n<figure class=\"wp-block-image aligncenter size-full\"><img loading=\"lazy\" decoding=\"async\" width=\"1200\" height=\"795\" src=\"https:\/\/wgphoto.pl\/t\/wp-content\/uploads\/2025\/03\/IMGP9980.jpg\" alt=\"\" class=\"wp-image-14737\" srcset=\"http:\/\/wgphoto.pl\/t\/wp-content\/uploads\/2025\/03\/IMGP9980.jpg 1200w, http:\/\/wgphoto.pl\/t\/wp-content\/uploads\/2025\/03\/IMGP9980-300x199.jpg 300w, http:\/\/wgphoto.pl\/t\/wp-content\/uploads\/2025\/03\/IMGP9980-768x509.jpg 768w\" sizes=\"auto, (max-width: 1200px) 100vw, 1200px\" \/><\/figure>\n\n\n\n<div class=\"wp-block-group has-global-padding is-layout-constrained wp-block-group-is-layout-constrained\">\n<p>Tramwaje regionalne do przedostania si\u0119 z tor\u00f3w kolejowych na \u015br\u00f3dmiejskie ulice wykorzystuj\u0105 kr\u00f3tki tunel pod budynkiem dworca g\u0142\u00f3wnego. Sam budynek nie jest mo\u017ce okaza\u0142y, ale wn\u0119trze ma ciekawe &#8211; ruiny dawnego dworca &#8222;opakowano&#8221; bowiem powojennymi murami. 2017-03-17<\/p>\n<\/div>\n","protected":false},"excerpt":{"rendered":"<p>Tramwaje regionalne do przedostania si\u0119 z tor\u00f3w kolejowych na \u015br\u00f3dmiejskie ulice wykorzystuj\u0105 kr\u00f3tki tunel pod budynkiem dworca g\u0142\u00f3wnego. Sam budynek nie jest mo\u017ce okaza\u0142y, ale wn\u0119trze ma ciekawe &#8211; ruiny dawnego dworca &#8222;opakowano&#8221; bowiem powojennymi murami. 2017-03-17<\/p>\n","protected":false},"author":1,"featured_media":14737,"comment_status":"open","ping_status":"","sticky":false,"template":"","format":"standard","meta":{"footnotes":""},"categories":[368,3],"tags":[1338,91,1336,1151,23,1004,1155,1153,15],"class_list":["post-14736","post","type-post","status-publish","format-standard","has-post-thumbnail","hentry","category-rok-2017","category-tramwaj","tag-2017-03-17","tag-blue-hour","tag-kassel","tag-kassel-2017","tag-niemcy","tag-regio-citadis","tag-regiotram-kassel","tag-tramwaj-regionalny","tag-tunel"],"_links":{"self":[{"href":"http:\/\/wgphoto.pl\/t\/index.php?rest_route=\/wp\/v2\/posts\/14736","targetHints":{"allow":["GET"]}}],"collection":[{"href":"http:\/\/wgphoto.pl\/t\/index.php?rest_route=\/wp\/v2\/posts"}],"about":[{"href":"http:\/\/wgphoto.pl\/t\/index.php?rest_route=\/wp\/v2\/types\/post"}],"author":[{"embeddable":true,"href":"http:\/\/wgphoto.pl\/t\/index.php?rest_route=\/wp\/v2\/users\/1"}],"replies":[{"embeddable":true,"href":"http:\/\/wgphoto.pl\/t\/index.php?rest_route=%2Fwp%2Fv2%2Fcomments&post=14736"}],"version-history":[{"count":1,"href":"http:\/\/wgphoto.pl\/t\/index.php?rest_route=\/wp\/v2\/posts\/14736\/revisions"}],"predecessor-version":[{"id":14738,"href":"http:\/\/wgphoto.pl\/t\/index.php?rest_route=\/wp\/v2\/posts\/14736\/revisions\/14738"}],"wp:featuredmedia":[{"embeddable":true,"href":"http:\/\/wgphoto.pl\/t\/index.php?rest_route=\/wp\/v2\/media\/14737"}],"wp:attachment":[{"href":"http:\/\/wgphoto.pl\/t\/index.php?rest_route=%2Fwp%2Fv2%2Fmedia&parent=14736"}],"wp:term":[{"taxonomy":"category","embeddable":true,"href":"http:\/\/wgphoto.pl\/t\/index.php?rest_route=%2Fwp%2Fv2%2Fcategories&post=14736"},{"taxonomy":"post_tag","embeddable":true,"href":"http:\/\/wgphoto.pl\/t\/index.php?rest_route=%2Fwp%2Fv2%2Ftags&post=14736"}],"curies":[{"name":"wp","href":"https:\/\/api.w.org\/{rel}","templated":true}]}}