{"id":14739,"date":"2025-03-13T17:50:13","date_gmt":"2025-03-13T16:50:13","guid":{"rendered":"https:\/\/wgphoto.pl\/t\/?p=14739"},"modified":"2025-03-13T17:50:13","modified_gmt":"2025-03-13T16:50:13","slug":"kassel-hbf-tief","status":"publish","type":"post","link":"http:\/\/wgphoto.pl\/t\/?p=14739","title":{"rendered":"Kassel Hbf (tief)"},"content":{"rendered":"\n<figure class=\"wp-block-image aligncenter size-full\"><img loading=\"lazy\" decoding=\"async\" width=\"1200\" height=\"795\" src=\"https:\/\/wgphoto.pl\/t\/wp-content\/uploads\/2025\/03\/IMGP9988.jpg\" alt=\"\" class=\"wp-image-14740\" srcset=\"http:\/\/wgphoto.pl\/t\/wp-content\/uploads\/2025\/03\/IMGP9988.jpg 1200w, http:\/\/wgphoto.pl\/t\/wp-content\/uploads\/2025\/03\/IMGP9988-300x199.jpg 300w, http:\/\/wgphoto.pl\/t\/wp-content\/uploads\/2025\/03\/IMGP9988-768x509.jpg 768w\" sizes=\"auto, (max-width: 1200px) 100vw, 1200px\" \/><\/figure>\n\n\n\n<div class=\"wp-block-group has-global-padding is-layout-constrained wp-block-group-is-layout-constrained\">\n<p>Dworzec g\u0142\u00f3wny w Kassel na przestrzeni ostatnich kilkunastu lat diametralnie si\u0119 zmieni\u0142. Najpierw w 1991 roku wyprowadzono z tej czo\u0142owej stacji wi\u0119kszo\u015b\u0107 ruchu kolejowego wraz z budow\u0105 stacji przelotowej Kassel-Wilhelmsh\u00f6he, le\u017c\u0105cej w ci\u0105gu linii wysokich pr\u0119dko\u015bci Hannover &#8211; W\u00fcrzburg. Nast\u0119pnie podupad\u0142y obiekt nieco o\u017cywiono za spraw\u0105 wdro\u017cenia koncepcji tramwaju regionalnego, na potrzeby kt\u00f3rego w roku 2007 oddano do u\u017cytku widoczne perony (le\u017c\u0105ce na spadku, gdy\u017c tramwaj wje\u017cd\u017ca tutaj w tunel), zbudowane w miejscu dawnego peronu czo\u0142owego. Uwa\u017cny obserwator zauwa\u017cy, \u017ce po prawej i lewej stronie wci\u0105\u017c znajduj\u0105 si\u0119 perony kolejowe. Te z lewej s\u0105 nieu\u017cywane, a przy dw\u00f3ch po prawej do dzi\u015b zaczynaj\u0105 i ko\u0144cz\u0105 bieg nieliczne regionalne osob\u00f3wki. 2017-03-17<\/p>\n<\/div>\n","protected":false},"excerpt":{"rendered":"<p>Dworzec g\u0142\u00f3wny w Kassel na przestrzeni ostatnich kilkunastu lat diametralnie si\u0119 zmieni\u0142. Najpierw w 1991 roku wyprowadzono z tej czo\u0142owej stacji wi\u0119kszo\u015b\u0107 ruchu kolejowego wraz z budow\u0105 stacji przelotowej Kassel-Wilhelmsh\u00f6he, le\u017c\u0105cej w ci\u0105gu linii wysokich pr\u0119dko\u015bci Hannover &#8211; W\u00fcrzburg. Nast\u0119pnie podupad\u0142y obiekt nieco o\u017cywiono za spraw\u0105 wdro\u017cenia koncepcji tramwaju regionalnego, na potrzeby kt\u00f3rego w roku [&hellip;]<\/p>\n","protected":false},"author":1,"featured_media":14740,"comment_status":"open","ping_status":"","sticky":false,"template":"","format":"standard","meta":{"footnotes":""},"categories":[368,3],"tags":[1338,91,179,1336,1151,3495,23,1004,1155,223,1153],"class_list":["post-14739","post","type-post","status-publish","format-standard","has-post-thumbnail","hentry","category-rok-2017","category-tramwaj","tag-2017-03-17","tag-blue-hour","tag-hala-peronowa","tag-kassel","tag-kassel-2017","tag-kassel-hauptbahnhof","tag-niemcy","tag-regio-citadis","tag-regiotram-kassel","tag-symetria","tag-tramwaj-regionalny"],"_links":{"self":[{"href":"http:\/\/wgphoto.pl\/t\/index.php?rest_route=\/wp\/v2\/posts\/14739","targetHints":{"allow":["GET"]}}],"collection":[{"href":"http:\/\/wgphoto.pl\/t\/index.php?rest_route=\/wp\/v2\/posts"}],"about":[{"href":"http:\/\/wgphoto.pl\/t\/index.php?rest_route=\/wp\/v2\/types\/post"}],"author":[{"embeddable":true,"href":"http:\/\/wgphoto.pl\/t\/index.php?rest_route=\/wp\/v2\/users\/1"}],"replies":[{"embeddable":true,"href":"http:\/\/wgphoto.pl\/t\/index.php?rest_route=%2Fwp%2Fv2%2Fcomments&post=14739"}],"version-history":[{"count":1,"href":"http:\/\/wgphoto.pl\/t\/index.php?rest_route=\/wp\/v2\/posts\/14739\/revisions"}],"predecessor-version":[{"id":14741,"href":"http:\/\/wgphoto.pl\/t\/index.php?rest_route=\/wp\/v2\/posts\/14739\/revisions\/14741"}],"wp:featuredmedia":[{"embeddable":true,"href":"http:\/\/wgphoto.pl\/t\/index.php?rest_route=\/wp\/v2\/media\/14740"}],"wp:attachment":[{"href":"http:\/\/wgphoto.pl\/t\/index.php?rest_route=%2Fwp%2Fv2%2Fmedia&parent=14739"}],"wp:term":[{"taxonomy":"category","embeddable":true,"href":"http:\/\/wgphoto.pl\/t\/index.php?rest_route=%2Fwp%2Fv2%2Fcategories&post=14739"},{"taxonomy":"post_tag","embeddable":true,"href":"http:\/\/wgphoto.pl\/t\/index.php?rest_route=%2Fwp%2Fv2%2Ftags&post=14739"}],"curies":[{"name":"wp","href":"https:\/\/api.w.org\/{rel}","templated":true}]}}