{"id":14749,"date":"2025-03-13T22:09:25","date_gmt":"2025-03-13T21:09:25","guid":{"rendered":"https:\/\/wgphoto.pl\/t\/?p=14749"},"modified":"2025-03-13T22:09:25","modified_gmt":"2025-03-13T21:09:25","slug":"mijanka-3","status":"publish","type":"post","link":"http:\/\/wgphoto.pl\/t\/?p=14749","title":{"rendered":"Mijanka"},"content":{"rendered":"\n<figure class=\"wp-block-image aligncenter size-full\"><img loading=\"lazy\" decoding=\"async\" width=\"600\" height=\"906\" src=\"https:\/\/wgphoto.pl\/t\/wp-content\/uploads\/2025\/03\/IMGP8946.jpg\" alt=\"\" class=\"wp-image-14750\" srcset=\"http:\/\/wgphoto.pl\/t\/wp-content\/uploads\/2025\/03\/IMGP8946.jpg 600w, http:\/\/wgphoto.pl\/t\/wp-content\/uploads\/2025\/03\/IMGP8946-199x300.jpg 199w\" sizes=\"auto, (max-width: 600px) 100vw, 600px\" \/><\/figure>\n\n\n\n<div class=\"wp-block-group has-global-padding is-layout-constrained wp-block-group-is-layout-constrained\">\n<p>Mijanka pesara ze stopi\u0105tk\u0105 na \u0142uku z ulicy Piotra Skargi w O\u0142awsk\u0105. 15.01.2017<\/p>\n<\/div>\n","protected":false},"excerpt":{"rendered":"<p>Mijanka pesara ze stopi\u0105tk\u0105 na \u0142uku z ulicy Piotra Skargi w O\u0142awsk\u0105. 15.01.2017<\/p>\n","protected":false},"author":1,"featured_media":14750,"comment_status":"open","ping_status":"","sticky":false,"template":"","format":"standard","meta":{"footnotes":""},"categories":[128,368,3],"tags":[43,3496,389,42,154,1207,27,44,1491,41],"class_list":["post-14749","post","type-post","status-publish","format-standard","has-post-thumbnail","hentry","category-pionowe","category-rok-2017","category-tramwaj","tag-105nwr","tag-2017-01-15","tag-mijanka","tag-mpk-wroclaw","tag-noc","tag-pesa-twist","tag-polska","tag-snieg","tag-swiateczne-akcenty","tag-wroclaw"],"_links":{"self":[{"href":"http:\/\/wgphoto.pl\/t\/index.php?rest_route=\/wp\/v2\/posts\/14749","targetHints":{"allow":["GET"]}}],"collection":[{"href":"http:\/\/wgphoto.pl\/t\/index.php?rest_route=\/wp\/v2\/posts"}],"about":[{"href":"http:\/\/wgphoto.pl\/t\/index.php?rest_route=\/wp\/v2\/types\/post"}],"author":[{"embeddable":true,"href":"http:\/\/wgphoto.pl\/t\/index.php?rest_route=\/wp\/v2\/users\/1"}],"replies":[{"embeddable":true,"href":"http:\/\/wgphoto.pl\/t\/index.php?rest_route=%2Fwp%2Fv2%2Fcomments&post=14749"}],"version-history":[{"count":1,"href":"http:\/\/wgphoto.pl\/t\/index.php?rest_route=\/wp\/v2\/posts\/14749\/revisions"}],"predecessor-version":[{"id":14751,"href":"http:\/\/wgphoto.pl\/t\/index.php?rest_route=\/wp\/v2\/posts\/14749\/revisions\/14751"}],"wp:featuredmedia":[{"embeddable":true,"href":"http:\/\/wgphoto.pl\/t\/index.php?rest_route=\/wp\/v2\/media\/14750"}],"wp:attachment":[{"href":"http:\/\/wgphoto.pl\/t\/index.php?rest_route=%2Fwp%2Fv2%2Fmedia&parent=14749"}],"wp:term":[{"taxonomy":"category","embeddable":true,"href":"http:\/\/wgphoto.pl\/t\/index.php?rest_route=%2Fwp%2Fv2%2Fcategories&post=14749"},{"taxonomy":"post_tag","embeddable":true,"href":"http:\/\/wgphoto.pl\/t\/index.php?rest_route=%2Fwp%2Fv2%2Ftags&post=14749"}],"curies":[{"name":"wp","href":"https:\/\/api.w.org\/{rel}","templated":true}]}}