{"id":14752,"date":"2025-03-13T22:10:31","date_gmt":"2025-03-13T21:10:31","guid":{"rendered":"https:\/\/wgphoto.pl\/t\/?p=14752"},"modified":"2025-03-13T22:10:31","modified_gmt":"2025-03-13T21:10:31","slug":"jeszcze-nie-swieca","status":"publish","type":"post","link":"http:\/\/wgphoto.pl\/t\/?p=14752","title":{"rendered":"Jeszcze nie \u015bwiec\u0105"},"content":{"rendered":"\n<figure class=\"wp-block-image aligncenter size-full\"><img loading=\"lazy\" decoding=\"async\" width=\"1400\" height=\"927\" src=\"https:\/\/wgphoto.pl\/t\/wp-content\/uploads\/2025\/03\/IMGP8920.jpg\" alt=\"\" class=\"wp-image-14753\" srcset=\"http:\/\/wgphoto.pl\/t\/wp-content\/uploads\/2025\/03\/IMGP8920.jpg 1400w, http:\/\/wgphoto.pl\/t\/wp-content\/uploads\/2025\/03\/IMGP8920-300x199.jpg 300w, http:\/\/wgphoto.pl\/t\/wp-content\/uploads\/2025\/03\/IMGP8920-768x509.jpg 768w\" sizes=\"auto, (max-width: 1400px) 100vw, 1400px\" \/><\/figure>\n\n\n\n<div class=\"wp-block-group has-global-padding is-layout-constrained wp-block-group-is-layout-constrained\">\n<p>Wroc\u0142aw, skrzy\u017cowanie ulic O\u0142awskiej, Kazimierza Wielkiego, Skargi i B\u0142. Czes\u0142awa. W oczekiwaniu na w\u0142\u0105czenie \u015bwi\u0105tecznych ozd\u00f3b prez to w\u0142a\u015bnie miejsce przejecha\u0142 zestaw plastikowych stopi\u0105tek w brzydkiej reklamie. 15.01.2017<\/p>\n<\/div>\n","protected":false},"excerpt":{"rendered":"<p>Wroc\u0142aw, skrzy\u017cowanie ulic O\u0142awskiej, Kazimierza Wielkiego, Skargi i B\u0142. Czes\u0142awa. W oczekiwaniu na w\u0142\u0105czenie \u015bwi\u0105tecznych ozd\u00f3b prez to w\u0142a\u015bnie miejsce przejecha\u0142 zestaw plastikowych stopi\u0105tek w brzydkiej reklamie. 15.01.2017<\/p>\n","protected":false},"author":1,"featured_media":14753,"comment_status":"open","ping_status":"","sticky":false,"template":"","format":"standard","meta":{"footnotes":""},"categories":[368,3],"tags":[43,3496,91,42,27,44,1491,90,41],"class_list":["post-14752","post","type-post","status-publish","format-standard","has-post-thumbnail","hentry","category-rok-2017","category-tramwaj","tag-105nwr","tag-2017-01-15","tag-blue-hour","tag-mpk-wroclaw","tag-polska","tag-snieg","tag-swiateczne-akcenty","tag-wieczorem","tag-wroclaw"],"_links":{"self":[{"href":"http:\/\/wgphoto.pl\/t\/index.php?rest_route=\/wp\/v2\/posts\/14752","targetHints":{"allow":["GET"]}}],"collection":[{"href":"http:\/\/wgphoto.pl\/t\/index.php?rest_route=\/wp\/v2\/posts"}],"about":[{"href":"http:\/\/wgphoto.pl\/t\/index.php?rest_route=\/wp\/v2\/types\/post"}],"author":[{"embeddable":true,"href":"http:\/\/wgphoto.pl\/t\/index.php?rest_route=\/wp\/v2\/users\/1"}],"replies":[{"embeddable":true,"href":"http:\/\/wgphoto.pl\/t\/index.php?rest_route=%2Fwp%2Fv2%2Fcomments&post=14752"}],"version-history":[{"count":1,"href":"http:\/\/wgphoto.pl\/t\/index.php?rest_route=\/wp\/v2\/posts\/14752\/revisions"}],"predecessor-version":[{"id":14754,"href":"http:\/\/wgphoto.pl\/t\/index.php?rest_route=\/wp\/v2\/posts\/14752\/revisions\/14754"}],"wp:featuredmedia":[{"embeddable":true,"href":"http:\/\/wgphoto.pl\/t\/index.php?rest_route=\/wp\/v2\/media\/14753"}],"wp:attachment":[{"href":"http:\/\/wgphoto.pl\/t\/index.php?rest_route=%2Fwp%2Fv2%2Fmedia&parent=14752"}],"wp:term":[{"taxonomy":"category","embeddable":true,"href":"http:\/\/wgphoto.pl\/t\/index.php?rest_route=%2Fwp%2Fv2%2Fcategories&post=14752"},{"taxonomy":"post_tag","embeddable":true,"href":"http:\/\/wgphoto.pl\/t\/index.php?rest_route=%2Fwp%2Fv2%2Ftags&post=14752"}],"curies":[{"name":"wp","href":"https:\/\/api.w.org\/{rel}","templated":true}]}}