{"id":14755,"date":"2025-03-13T22:11:41","date_gmt":"2025-03-13T21:11:41","guid":{"rendered":"https:\/\/wgphoto.pl\/t\/?p=14755"},"modified":"2025-03-13T22:11:41","modified_gmt":"2025-03-13T21:11:41","slug":"i-swiatlo-rozblyslo","status":"publish","type":"post","link":"http:\/\/wgphoto.pl\/t\/?p=14755","title":{"rendered":"I \u015bwiat\u0142o rozb\u0142ys\u0142o"},"content":{"rendered":"\n<figure class=\"wp-block-image aligncenter size-full\"><img loading=\"lazy\" decoding=\"async\" width=\"1400\" height=\"927\" src=\"https:\/\/wgphoto.pl\/t\/wp-content\/uploads\/2025\/03\/IMGP8940.jpg\" alt=\"\" class=\"wp-image-14756\" srcset=\"http:\/\/wgphoto.pl\/t\/wp-content\/uploads\/2025\/03\/IMGP8940.jpg 1400w, http:\/\/wgphoto.pl\/t\/wp-content\/uploads\/2025\/03\/IMGP8940-300x199.jpg 300w, http:\/\/wgphoto.pl\/t\/wp-content\/uploads\/2025\/03\/IMGP8940-768x509.jpg 768w\" sizes=\"auto, (max-width: 1400px) 100vw, 1400px\" \/><\/figure>\n\n\n\n<div class=\"wp-block-group has-global-padding is-layout-constrained wp-block-group-is-layout-constrained\">\n<p>\u0160koda wje\u017cd\u017ca w przyozdobion\u0105 \u015bwi\u0105tecznie ulic\u0119 Kazimierza Wielkiego we Wroc\u0142awiu. 15.01.2017<\/p>\n<\/div>\n","protected":false},"excerpt":{"rendered":"<p>\u0160koda wje\u017cd\u017ca w przyozdobion\u0105 \u015bwi\u0105tecznie ulic\u0119 Kazimierza Wielkiego we Wroc\u0142awiu. 15.01.2017<\/p>\n","protected":false},"author":1,"featured_media":14756,"comment_status":"open","ping_status":"","sticky":false,"template":"","format":"standard","meta":{"footnotes":""},"categories":[368,3],"tags":[3496,91,42,27,1493,216,44,1491,90,41],"class_list":["post-14755","post","type-post","status-publish","format-standard","has-post-thumbnail","hentry","category-rok-2017","category-tramwaj","tag-2017-01-15","tag-blue-hour","tag-mpk-wroclaw","tag-polska","tag-skoda-19t","tag-skoda-elektra","tag-snieg","tag-swiateczne-akcenty","tag-wieczorem","tag-wroclaw"],"_links":{"self":[{"href":"http:\/\/wgphoto.pl\/t\/index.php?rest_route=\/wp\/v2\/posts\/14755","targetHints":{"allow":["GET"]}}],"collection":[{"href":"http:\/\/wgphoto.pl\/t\/index.php?rest_route=\/wp\/v2\/posts"}],"about":[{"href":"http:\/\/wgphoto.pl\/t\/index.php?rest_route=\/wp\/v2\/types\/post"}],"author":[{"embeddable":true,"href":"http:\/\/wgphoto.pl\/t\/index.php?rest_route=\/wp\/v2\/users\/1"}],"replies":[{"embeddable":true,"href":"http:\/\/wgphoto.pl\/t\/index.php?rest_route=%2Fwp%2Fv2%2Fcomments&post=14755"}],"version-history":[{"count":1,"href":"http:\/\/wgphoto.pl\/t\/index.php?rest_route=\/wp\/v2\/posts\/14755\/revisions"}],"predecessor-version":[{"id":14757,"href":"http:\/\/wgphoto.pl\/t\/index.php?rest_route=\/wp\/v2\/posts\/14755\/revisions\/14757"}],"wp:featuredmedia":[{"embeddable":true,"href":"http:\/\/wgphoto.pl\/t\/index.php?rest_route=\/wp\/v2\/media\/14756"}],"wp:attachment":[{"href":"http:\/\/wgphoto.pl\/t\/index.php?rest_route=%2Fwp%2Fv2%2Fmedia&parent=14755"}],"wp:term":[{"taxonomy":"category","embeddable":true,"href":"http:\/\/wgphoto.pl\/t\/index.php?rest_route=%2Fwp%2Fv2%2Fcategories&post=14755"},{"taxonomy":"post_tag","embeddable":true,"href":"http:\/\/wgphoto.pl\/t\/index.php?rest_route=%2Fwp%2Fv2%2Ftags&post=14755"}],"curies":[{"name":"wp","href":"https:\/\/api.w.org\/{rel}","templated":true}]}}