{"id":14764,"date":"2025-03-13T22:14:24","date_gmt":"2025-03-13T21:14:24","guid":{"rendered":"https:\/\/wgphoto.pl\/t\/?p=14764"},"modified":"2025-03-13T22:14:24","modified_gmt":"2025-03-13T21:14:24","slug":"eu07-084","status":"publish","type":"post","link":"http:\/\/wgphoto.pl\/t\/?p=14764","title":{"rendered":"EU07-084"},"content":{"rendered":"\n<figure class=\"wp-block-image aligncenter size-full\"><img loading=\"lazy\" decoding=\"async\" width=\"1400\" height=\"907\" src=\"https:\/\/wgphoto.pl\/t\/wp-content\/uploads\/2025\/03\/0306-18_rsn.jpg\" alt=\"\" class=\"wp-image-14765\" srcset=\"http:\/\/wgphoto.pl\/t\/wp-content\/uploads\/2025\/03\/0306-18_rsn.jpg 1400w, http:\/\/wgphoto.pl\/t\/wp-content\/uploads\/2025\/03\/0306-18_rsn-300x194.jpg 300w, http:\/\/wgphoto.pl\/t\/wp-content\/uploads\/2025\/03\/0306-18_rsn-768x498.jpg 768w\" sizes=\"auto, (max-width: 1400px) 100vw, 1400px\" \/><\/figure>\n\n\n\n<div class=\"wp-block-group has-global-padding is-layout-constrained wp-block-group-is-layout-constrained\">\n<p>Pozna\u0144ska si\u00f3demka z poci\u0105giem osobowym 26535 z Ostrowa Wlkp. do Wroc\u0142awia za chwil\u0119 wjedzie do stacji Wroc\u0142aw Nadodrze. To by\u0142 chyba jedyny obieg wagonowy w tej relacji. 13.03.2003<\/p>\n<\/div>\n","protected":false},"excerpt":{"rendered":"<p>Pozna\u0144ska si\u00f3demka z poci\u0105giem osobowym 26535 z Ostrowa Wlkp. do Wroc\u0142awia za chwil\u0119 wjedzie do stacji Wroc\u0142aw Nadodrze. To by\u0142 chyba jedyny obieg wagonowy w tej relacji. 13.03.2003<\/p>\n","protected":false},"author":1,"featured_media":14765,"comment_status":"open","ping_status":"","sticky":false,"template":"","format":"standard","meta":{"footnotes":""},"categories":[62,2,149],"tags":[3500,122,303,63,27,246,41,245],"class_list":["post-14764","post","type-post","status-publish","format-standard","has-post-thumbnail","hentry","category-analog","category-kolej","category-rok-2003","tag-2003-03-13","tag-eu07","tag-industrial","tag-pkp","tag-polska","tag-tab-pl200","tag-wroclaw","tag-wroclaw-nadodrze"],"_links":{"self":[{"href":"http:\/\/wgphoto.pl\/t\/index.php?rest_route=\/wp\/v2\/posts\/14764","targetHints":{"allow":["GET"]}}],"collection":[{"href":"http:\/\/wgphoto.pl\/t\/index.php?rest_route=\/wp\/v2\/posts"}],"about":[{"href":"http:\/\/wgphoto.pl\/t\/index.php?rest_route=\/wp\/v2\/types\/post"}],"author":[{"embeddable":true,"href":"http:\/\/wgphoto.pl\/t\/index.php?rest_route=\/wp\/v2\/users\/1"}],"replies":[{"embeddable":true,"href":"http:\/\/wgphoto.pl\/t\/index.php?rest_route=%2Fwp%2Fv2%2Fcomments&post=14764"}],"version-history":[{"count":1,"href":"http:\/\/wgphoto.pl\/t\/index.php?rest_route=\/wp\/v2\/posts\/14764\/revisions"}],"predecessor-version":[{"id":14766,"href":"http:\/\/wgphoto.pl\/t\/index.php?rest_route=\/wp\/v2\/posts\/14764\/revisions\/14766"}],"wp:featuredmedia":[{"embeddable":true,"href":"http:\/\/wgphoto.pl\/t\/index.php?rest_route=\/wp\/v2\/media\/14765"}],"wp:attachment":[{"href":"http:\/\/wgphoto.pl\/t\/index.php?rest_route=%2Fwp%2Fv2%2Fmedia&parent=14764"}],"wp:term":[{"taxonomy":"category","embeddable":true,"href":"http:\/\/wgphoto.pl\/t\/index.php?rest_route=%2Fwp%2Fv2%2Fcategories&post=14764"},{"taxonomy":"post_tag","embeddable":true,"href":"http:\/\/wgphoto.pl\/t\/index.php?rest_route=%2Fwp%2Fv2%2Ftags&post=14764"}],"curies":[{"name":"wp","href":"https:\/\/api.w.org\/{rel}","templated":true}]}}