{"id":14767,"date":"2025-03-13T22:15:19","date_gmt":"2025-03-13T21:15:19","guid":{"rendered":"https:\/\/wgphoto.pl\/t\/?p=14767"},"modified":"2025-03-13T22:16:01","modified_gmt":"2025-03-13T21:16:01","slug":"bombardier-flexity-wien","status":"publish","type":"post","link":"http:\/\/wgphoto.pl\/t\/?p=14767","title":{"rendered":"Bombardier Flexity Wien"},"content":{"rendered":"\n<figure class=\"wp-block-image aligncenter size-full\"><img loading=\"lazy\" decoding=\"async\" width=\"1400\" height=\"927\" src=\"https:\/\/wgphoto.pl\/t\/wp-content\/uploads\/2025\/03\/IMGP0314-1.jpg\" alt=\"\" class=\"wp-image-14768\" srcset=\"http:\/\/wgphoto.pl\/t\/wp-content\/uploads\/2025\/03\/IMGP0314-1.jpg 1400w, http:\/\/wgphoto.pl\/t\/wp-content\/uploads\/2025\/03\/IMGP0314-1-300x199.jpg 300w, http:\/\/wgphoto.pl\/t\/wp-content\/uploads\/2025\/03\/IMGP0314-1-768x509.jpg 768w\" sizes=\"auto, (max-width: 1400px) 100vw, 1400px\" \/><\/figure>\n\n\n\n<div class=\"wp-block-group has-global-padding is-layout-constrained wp-block-group-is-layout-constrained\">\n<p>Wiede\u0144, Quellenstra\u00dfe, wagon typu D nr 302 moknie w ulewie. Jako\u015b nie przemawia do mnie design tych pojazd\u00f3w, zreszt\u0105 w og\u00f3le zakup sztywnow\u00f3zkowc\u00f3w uwa\u017cam za krok wstecz. 14.09.2024<\/p>\n<\/div>\n","protected":false},"excerpt":{"rendered":"<p>Wiede\u0144, Quellenstra\u00dfe, wagon typu D nr 302 moknie w ulewie. Jako\u015b nie przemawia do mnie design tych pojazd\u00f3w, zreszt\u0105 w og\u00f3le zakup sztywnow\u00f3zkowc\u00f3w uwa\u017cam za krok wstecz. 14.09.2024<\/p>\n","protected":false},"author":1,"featured_media":14768,"comment_status":"open","ping_status":"","sticky":false,"template":"","format":"standard","meta":{"footnotes":""},"categories":[5,3],"tags":[3502,9,3501,13,151,550,97,98],"class_list":["post-14767","post","type-post","status-publish","format-standard","has-post-thumbnail","hentry","category-2024r","category-tramwaj","tag-2024-09-14","tag-austria","tag-bombardier-flexity-wien","tag-deszcz","tag-ludzie","tag-wakacje-2024","tag-wieden","tag-wiener-linien"],"_links":{"self":[{"href":"http:\/\/wgphoto.pl\/t\/index.php?rest_route=\/wp\/v2\/posts\/14767","targetHints":{"allow":["GET"]}}],"collection":[{"href":"http:\/\/wgphoto.pl\/t\/index.php?rest_route=\/wp\/v2\/posts"}],"about":[{"href":"http:\/\/wgphoto.pl\/t\/index.php?rest_route=\/wp\/v2\/types\/post"}],"author":[{"embeddable":true,"href":"http:\/\/wgphoto.pl\/t\/index.php?rest_route=\/wp\/v2\/users\/1"}],"replies":[{"embeddable":true,"href":"http:\/\/wgphoto.pl\/t\/index.php?rest_route=%2Fwp%2Fv2%2Fcomments&post=14767"}],"version-history":[{"count":1,"href":"http:\/\/wgphoto.pl\/t\/index.php?rest_route=\/wp\/v2\/posts\/14767\/revisions"}],"predecessor-version":[{"id":14769,"href":"http:\/\/wgphoto.pl\/t\/index.php?rest_route=\/wp\/v2\/posts\/14767\/revisions\/14769"}],"wp:featuredmedia":[{"embeddable":true,"href":"http:\/\/wgphoto.pl\/t\/index.php?rest_route=\/wp\/v2\/media\/14768"}],"wp:attachment":[{"href":"http:\/\/wgphoto.pl\/t\/index.php?rest_route=%2Fwp%2Fv2%2Fmedia&parent=14767"}],"wp:term":[{"taxonomy":"category","embeddable":true,"href":"http:\/\/wgphoto.pl\/t\/index.php?rest_route=%2Fwp%2Fv2%2Fcategories&post=14767"},{"taxonomy":"post_tag","embeddable":true,"href":"http:\/\/wgphoto.pl\/t\/index.php?rest_route=%2Fwp%2Fv2%2Ftags&post=14767"}],"curies":[{"name":"wp","href":"https:\/\/api.w.org\/{rel}","templated":true}]}}