{"id":14787,"date":"2025-03-14T21:38:42","date_gmt":"2025-03-14T20:38:42","guid":{"rendered":"https:\/\/wgphoto.pl\/t\/?p=14787"},"modified":"2025-03-14T21:38:42","modified_gmt":"2025-03-14T20:38:42","slug":"jedenascie-wagonow","status":"publish","type":"post","link":"http:\/\/wgphoto.pl\/t\/?p=14787","title":{"rendered":"Jedena\u015bcie wagon\u00f3w"},"content":{"rendered":"\n<figure class=\"wp-block-image aligncenter size-full\"><img loading=\"lazy\" decoding=\"async\" width=\"1024\" height=\"684\" src=\"https:\/\/wgphoto.pl\/t\/wp-content\/uploads\/2025\/03\/imgp6277.jpg\" alt=\"\" class=\"wp-image-14788\" srcset=\"http:\/\/wgphoto.pl\/t\/wp-content\/uploads\/2025\/03\/imgp6277.jpg 1024w, http:\/\/wgphoto.pl\/t\/wp-content\/uploads\/2025\/03\/imgp6277-300x200.jpg 300w, http:\/\/wgphoto.pl\/t\/wp-content\/uploads\/2025\/03\/imgp6277-768x513.jpg 768w\" sizes=\"auto, (max-width: 1024px) 100vw, 1024px\" \/><\/figure>\n\n\n\n<div class=\"wp-block-group has-global-padding is-layout-constrained wp-block-group-is-layout-constrained\">\n<p>Nocny poci\u0105g pospieszny 16201 &#8222;Karkonosze&#8221; z Warszawy Wschodniej do Szklarskiej Por\u0119by G\u00f3rnej, prowadz\u0105cy tak\u017ce wagony bezpo\u015brednie relacji Gdynia G\u0142\u00f3wna &#8211; Jelenia G\u00f3ra, prezentuje swoje kolorowe zestawienie na ostatnim \u0142uku przed stacj\u0105 Wa\u0142brzych G\u0142\u00f3wny. Uwa\u017cny obserwator dostrze\u017ce w kadrze dwa miejsca, gdzie prezentowany poci\u0105g wcze\u015bniej pojawia\u0142 si\u0119 i znika\u0142. 04.07.2009<\/p>\n<\/div>\n","protected":false},"excerpt":{"rendered":"<p>Nocny poci\u0105g pospieszny 16201 &#8222;Karkonosze&#8221; z Warszawy Wschodniej do Szklarskiej Por\u0119by G\u00f3rnej, prowadz\u0105cy tak\u017ce wagony bezpo\u015brednie relacji Gdynia G\u0142\u00f3wna &#8211; Jelenia G\u00f3ra, prezentuje swoje kolorowe zestawienie na ostatnim \u0142uku przed stacj\u0105 Wa\u0142brzych G\u0142\u00f3wny. Uwa\u017cny obserwator dostrze\u017ce w kadrze dwa miejsca, gdzie prezentowany poci\u0105g wcze\u015bniej pojawia\u0142 si\u0119 i znika\u0142. 04.07.2009<\/p>\n","protected":false},"author":1,"featured_media":14788,"comment_status":"open","ping_status":"","sticky":false,"template":"","format":"standard","meta":{"footnotes":""},"categories":[2,169],"tags":[1762,122,303,113,63,27,176,200,1878,1101],"class_list":["post-14787","post","type-post","status-publish","format-standard","has-post-thumbnail","hentry","category-kolej","category-rok-2009","tag-2009-07-04","tag-eu07","tag-industrial","tag-landszaft","tag-pkp","tag-polska","tag-rano","tag-tab-pl240","tag-walbrzych-fabryczny","tag-walbrzych-glowny"],"_links":{"self":[{"href":"http:\/\/wgphoto.pl\/t\/index.php?rest_route=\/wp\/v2\/posts\/14787","targetHints":{"allow":["GET"]}}],"collection":[{"href":"http:\/\/wgphoto.pl\/t\/index.php?rest_route=\/wp\/v2\/posts"}],"about":[{"href":"http:\/\/wgphoto.pl\/t\/index.php?rest_route=\/wp\/v2\/types\/post"}],"author":[{"embeddable":true,"href":"http:\/\/wgphoto.pl\/t\/index.php?rest_route=\/wp\/v2\/users\/1"}],"replies":[{"embeddable":true,"href":"http:\/\/wgphoto.pl\/t\/index.php?rest_route=%2Fwp%2Fv2%2Fcomments&post=14787"}],"version-history":[{"count":1,"href":"http:\/\/wgphoto.pl\/t\/index.php?rest_route=\/wp\/v2\/posts\/14787\/revisions"}],"predecessor-version":[{"id":14789,"href":"http:\/\/wgphoto.pl\/t\/index.php?rest_route=\/wp\/v2\/posts\/14787\/revisions\/14789"}],"wp:featuredmedia":[{"embeddable":true,"href":"http:\/\/wgphoto.pl\/t\/index.php?rest_route=\/wp\/v2\/media\/14788"}],"wp:attachment":[{"href":"http:\/\/wgphoto.pl\/t\/index.php?rest_route=%2Fwp%2Fv2%2Fmedia&parent=14787"}],"wp:term":[{"taxonomy":"category","embeddable":true,"href":"http:\/\/wgphoto.pl\/t\/index.php?rest_route=%2Fwp%2Fv2%2Fcategories&post=14787"},{"taxonomy":"post_tag","embeddable":true,"href":"http:\/\/wgphoto.pl\/t\/index.php?rest_route=%2Fwp%2Fv2%2Ftags&post=14787"}],"curies":[{"name":"wp","href":"https:\/\/api.w.org\/{rel}","templated":true}]}}