{"id":14790,"date":"2025-03-14T21:39:37","date_gmt":"2025-03-14T20:39:37","guid":{"rendered":"https:\/\/wgphoto.pl\/t\/?p=14790"},"modified":"2025-03-14T21:39:37","modified_gmt":"2025-03-14T20:39:37","slug":"102na-2016","status":"publish","type":"post","link":"http:\/\/wgphoto.pl\/t\/?p=14790","title":{"rendered":"102Na 2016"},"content":{"rendered":"\n<figure class=\"wp-block-image aligncenter size-full\"><img loading=\"lazy\" decoding=\"async\" width=\"1200\" height=\"900\" src=\"https:\/\/wgphoto.pl\/t\/wp-content\/uploads\/2025\/03\/0711080019.jpg\" alt=\"\" class=\"wp-image-14791\" srcset=\"http:\/\/wgphoto.pl\/t\/wp-content\/uploads\/2025\/03\/0711080019.jpg 1200w, http:\/\/wgphoto.pl\/t\/wp-content\/uploads\/2025\/03\/0711080019-300x225.jpg 300w, http:\/\/wgphoto.pl\/t\/wp-content\/uploads\/2025\/03\/0711080019-768x576.jpg 768w\" sizes=\"auto, (max-width: 1200px) 100vw, 1200px\" \/><\/figure>\n\n\n\n<div class=\"wp-block-group has-global-padding is-layout-constrained wp-block-group-is-layout-constrained\">\n<p>Wroc\u0142aw, ul. Lotnicza. Odrobin\u0119 si\u0119 sp\u00f3\u017ani\u0142em z wyzwoleniem migawki ale takiego uj\u0119cia zez\u0142omowanego wagonu na nieistniej\u0105cej linii, kursuj\u0105cej przez przebudowan\u0105 ju\u017c ulic\u0119 raczej nie poprawi\u0119. 2007-11-08<\/p>\n<\/div>\n","protected":false},"excerpt":{"rendered":"<p>Wroc\u0142aw, ul. Lotnicza. Odrobin\u0119 si\u0119 sp\u00f3\u017ani\u0142em z wyzwoleniem migawki ale takiego uj\u0119cia zez\u0142omowanego wagonu na nieistniej\u0105cej linii, kursuj\u0105cej przez przebudowan\u0105 ju\u017c ulic\u0119 raczej nie poprawi\u0119. 2007-11-08<\/p>\n","protected":false},"author":1,"featured_media":14791,"comment_status":"open","ping_status":"","sticky":false,"template":"","format":"standard","meta":{"footnotes":""},"categories":[96,3],"tags":[3504,745,309,42,27,41],"class_list":["post-14790","post","type-post","status-publish","format-standard","has-post-thumbnail","hentry","category-rok-2007","category-tramwaj","tag-2007-11-08","tag-budowa","tag-konstal-102na","tag-mpk-wroclaw","tag-polska","tag-wroclaw"],"_links":{"self":[{"href":"http:\/\/wgphoto.pl\/t\/index.php?rest_route=\/wp\/v2\/posts\/14790","targetHints":{"allow":["GET"]}}],"collection":[{"href":"http:\/\/wgphoto.pl\/t\/index.php?rest_route=\/wp\/v2\/posts"}],"about":[{"href":"http:\/\/wgphoto.pl\/t\/index.php?rest_route=\/wp\/v2\/types\/post"}],"author":[{"embeddable":true,"href":"http:\/\/wgphoto.pl\/t\/index.php?rest_route=\/wp\/v2\/users\/1"}],"replies":[{"embeddable":true,"href":"http:\/\/wgphoto.pl\/t\/index.php?rest_route=%2Fwp%2Fv2%2Fcomments&post=14790"}],"version-history":[{"count":1,"href":"http:\/\/wgphoto.pl\/t\/index.php?rest_route=\/wp\/v2\/posts\/14790\/revisions"}],"predecessor-version":[{"id":14792,"href":"http:\/\/wgphoto.pl\/t\/index.php?rest_route=\/wp\/v2\/posts\/14790\/revisions\/14792"}],"wp:featuredmedia":[{"embeddable":true,"href":"http:\/\/wgphoto.pl\/t\/index.php?rest_route=\/wp\/v2\/media\/14791"}],"wp:attachment":[{"href":"http:\/\/wgphoto.pl\/t\/index.php?rest_route=%2Fwp%2Fv2%2Fmedia&parent=14790"}],"wp:term":[{"taxonomy":"category","embeddable":true,"href":"http:\/\/wgphoto.pl\/t\/index.php?rest_route=%2Fwp%2Fv2%2Fcategories&post=14790"},{"taxonomy":"post_tag","embeddable":true,"href":"http:\/\/wgphoto.pl\/t\/index.php?rest_route=%2Fwp%2Fv2%2Ftags&post=14790"}],"curies":[{"name":"wp","href":"https:\/\/api.w.org\/{rel}","templated":true}]}}