{"id":14796,"date":"2025-03-14T21:41:18","date_gmt":"2025-03-14T20:41:18","guid":{"rendered":"https:\/\/wgphoto.pl\/t\/?p=14796"},"modified":"2025-03-14T21:41:18","modified_gmt":"2025-03-14T20:41:18","slug":"102na-2055","status":"publish","type":"post","link":"http:\/\/wgphoto.pl\/t\/?p=14796","title":{"rendered":"102Na 2055"},"content":{"rendered":"\n<figure class=\"wp-block-image aligncenter size-full\"><img loading=\"lazy\" decoding=\"async\" width=\"600\" height=\"800\" src=\"https:\/\/wgphoto.pl\/t\/wp-content\/uploads\/2025\/03\/dscf5347.jpg\" alt=\"\" class=\"wp-image-14797\" srcset=\"http:\/\/wgphoto.pl\/t\/wp-content\/uploads\/2025\/03\/dscf5347.jpg 600w, http:\/\/wgphoto.pl\/t\/wp-content\/uploads\/2025\/03\/dscf5347-225x300.jpg 225w\" sizes=\"auto, (max-width: 600px) 100vw, 600px\" \/><\/figure>\n\n\n\n<div class=\"wp-block-group has-global-padding is-layout-constrained wp-block-group-is-layout-constrained\">\n<p>Tramwaje obs\u0142uguj\u0105ce &#8222;cmentarn\u0105&#8221; lini\u0119 E1 mijaj\u0105 si\u0119 w pobli\u017cu przystanku Fadroma na ulicy Grabiszy\u0144skiej. 2007-11-01<\/p>\n<\/div>\n","protected":false},"excerpt":{"rendered":"<p>Tramwaje obs\u0142uguj\u0105ce &#8222;cmentarn\u0105&#8221; lini\u0119 E1 mijaj\u0105 si\u0119 w pobli\u017cu przystanku Fadroma na ulicy Grabiszy\u0144skiej. 2007-11-01<\/p>\n","protected":false},"author":1,"featured_media":14797,"comment_status":"open","ping_status":"","sticky":false,"template":"","format":"standard","meta":{"footnotes":""},"categories":[128,96,3],"tags":[3505,309,42,27,41,127],"class_list":["post-14796","post","type-post","status-publish","format-standard","has-post-thumbnail","hentry","category-pionowe","category-rok-2007","category-tramwaj","tag-2007-11-01","tag-konstal-102na","tag-mpk-wroclaw","tag-polska","tag-wroclaw","tag-wroclawskie-e"],"_links":{"self":[{"href":"http:\/\/wgphoto.pl\/t\/index.php?rest_route=\/wp\/v2\/posts\/14796","targetHints":{"allow":["GET"]}}],"collection":[{"href":"http:\/\/wgphoto.pl\/t\/index.php?rest_route=\/wp\/v2\/posts"}],"about":[{"href":"http:\/\/wgphoto.pl\/t\/index.php?rest_route=\/wp\/v2\/types\/post"}],"author":[{"embeddable":true,"href":"http:\/\/wgphoto.pl\/t\/index.php?rest_route=\/wp\/v2\/users\/1"}],"replies":[{"embeddable":true,"href":"http:\/\/wgphoto.pl\/t\/index.php?rest_route=%2Fwp%2Fv2%2Fcomments&post=14796"}],"version-history":[{"count":1,"href":"http:\/\/wgphoto.pl\/t\/index.php?rest_route=\/wp\/v2\/posts\/14796\/revisions"}],"predecessor-version":[{"id":14798,"href":"http:\/\/wgphoto.pl\/t\/index.php?rest_route=\/wp\/v2\/posts\/14796\/revisions\/14798"}],"wp:featuredmedia":[{"embeddable":true,"href":"http:\/\/wgphoto.pl\/t\/index.php?rest_route=\/wp\/v2\/media\/14797"}],"wp:attachment":[{"href":"http:\/\/wgphoto.pl\/t\/index.php?rest_route=%2Fwp%2Fv2%2Fmedia&parent=14796"}],"wp:term":[{"taxonomy":"category","embeddable":true,"href":"http:\/\/wgphoto.pl\/t\/index.php?rest_route=%2Fwp%2Fv2%2Fcategories&post=14796"},{"taxonomy":"post_tag","embeddable":true,"href":"http:\/\/wgphoto.pl\/t\/index.php?rest_route=%2Fwp%2Fv2%2Ftags&post=14796"}],"curies":[{"name":"wp","href":"https:\/\/api.w.org\/{rel}","templated":true}]}}