{"id":14799,"date":"2025-03-14T21:42:07","date_gmt":"2025-03-14T20:42:07","guid":{"rendered":"https:\/\/wgphoto.pl\/t\/?p=14799"},"modified":"2025-03-14T21:42:07","modified_gmt":"2025-03-14T20:42:07","slug":"102na-2026","status":"publish","type":"post","link":"http:\/\/wgphoto.pl\/t\/?p=14799","title":{"rendered":"102Na 2026"},"content":{"rendered":"\n<figure class=\"wp-block-image aligncenter size-full\"><img loading=\"lazy\" decoding=\"async\" width=\"900\" height=\"600\" src=\"https:\/\/wgphoto.pl\/t\/wp-content\/uploads\/2025\/03\/dscf5352.jpg\" alt=\"\" class=\"wp-image-14800\" srcset=\"http:\/\/wgphoto.pl\/t\/wp-content\/uploads\/2025\/03\/dscf5352.jpg 900w, http:\/\/wgphoto.pl\/t\/wp-content\/uploads\/2025\/03\/dscf5352-300x200.jpg 300w, http:\/\/wgphoto.pl\/t\/wp-content\/uploads\/2025\/03\/dscf5352-768x512.jpg 768w\" sizes=\"auto, (max-width: 900px) 100vw, 900px\" \/><\/figure>\n\n\n\n<div class=\"wp-block-group has-global-padding is-layout-constrained wp-block-group-is-layout-constrained\">\n<p>Dwa pojazdy na specjalnych liniach mijaj\u0105 checkpoint na skrzy\u017cowaniu ulic Graiszy\u0144skiej i Fio\u0142kowej, za kt\u00f3ry pojazdy indywidualne nie posiadaj\u0105ce specjalnego zezwolenia 1 listopada wjecha\u0107 nie mog\u0105. 2007-11-01<\/p>\n<\/div>\n","protected":false},"excerpt":{"rendered":"<p>Dwa pojazdy na specjalnych liniach mijaj\u0105 checkpoint na skrzy\u017cowaniu ulic Graiszy\u0144skiej i Fio\u0142kowej, za kt\u00f3ry pojazdy indywidualne nie posiadaj\u0105ce specjalnego zezwolenia 1 listopada wjecha\u0107 nie mog\u0105. 2007-11-01<\/p>\n","protected":false},"author":1,"featured_media":14800,"comment_status":"open","ping_status":"","sticky":false,"template":"","format":"standard","meta":{"footnotes":""},"categories":[96,3],"tags":[3505,898,126,309,42,27,41,127],"class_list":["post-14799","post","type-post","status-publish","format-standard","has-post-thumbnail","hentry","category-rok-2007","category-tramwaj","tag-2007-11-01","tag-autobus","tag-jesien","tag-konstal-102na","tag-mpk-wroclaw","tag-polska","tag-wroclaw","tag-wroclawskie-e"],"_links":{"self":[{"href":"http:\/\/wgphoto.pl\/t\/index.php?rest_route=\/wp\/v2\/posts\/14799","targetHints":{"allow":["GET"]}}],"collection":[{"href":"http:\/\/wgphoto.pl\/t\/index.php?rest_route=\/wp\/v2\/posts"}],"about":[{"href":"http:\/\/wgphoto.pl\/t\/index.php?rest_route=\/wp\/v2\/types\/post"}],"author":[{"embeddable":true,"href":"http:\/\/wgphoto.pl\/t\/index.php?rest_route=\/wp\/v2\/users\/1"}],"replies":[{"embeddable":true,"href":"http:\/\/wgphoto.pl\/t\/index.php?rest_route=%2Fwp%2Fv2%2Fcomments&post=14799"}],"version-history":[{"count":1,"href":"http:\/\/wgphoto.pl\/t\/index.php?rest_route=\/wp\/v2\/posts\/14799\/revisions"}],"predecessor-version":[{"id":14801,"href":"http:\/\/wgphoto.pl\/t\/index.php?rest_route=\/wp\/v2\/posts\/14799\/revisions\/14801"}],"wp:featuredmedia":[{"embeddable":true,"href":"http:\/\/wgphoto.pl\/t\/index.php?rest_route=\/wp\/v2\/media\/14800"}],"wp:attachment":[{"href":"http:\/\/wgphoto.pl\/t\/index.php?rest_route=%2Fwp%2Fv2%2Fmedia&parent=14799"}],"wp:term":[{"taxonomy":"category","embeddable":true,"href":"http:\/\/wgphoto.pl\/t\/index.php?rest_route=%2Fwp%2Fv2%2Fcategories&post=14799"},{"taxonomy":"post_tag","embeddable":true,"href":"http:\/\/wgphoto.pl\/t\/index.php?rest_route=%2Fwp%2Fv2%2Ftags&post=14799"}],"curies":[{"name":"wp","href":"https:\/\/api.w.org\/{rel}","templated":true}]}}