{"id":14802,"date":"2025-03-14T21:42:56","date_gmt":"2025-03-14T20:42:56","guid":{"rendered":"https:\/\/wgphoto.pl\/t\/?p=14802"},"modified":"2025-03-14T21:42:56","modified_gmt":"2025-03-14T20:42:56","slug":"102na-2018-raz","status":"publish","type":"post","link":"http:\/\/wgphoto.pl\/t\/?p=14802","title":{"rendered":"102Na 2018 raz"},"content":{"rendered":"\n<figure class=\"wp-block-image aligncenter size-full\"><img loading=\"lazy\" decoding=\"async\" width=\"1000\" height=\"750\" src=\"https:\/\/wgphoto.pl\/t\/wp-content\/uploads\/2025\/03\/dscf5558.jpg\" alt=\"\" class=\"wp-image-14803\" srcset=\"http:\/\/wgphoto.pl\/t\/wp-content\/uploads\/2025\/03\/dscf5558.jpg 1000w, http:\/\/wgphoto.pl\/t\/wp-content\/uploads\/2025\/03\/dscf5558-300x225.jpg 300w, http:\/\/wgphoto.pl\/t\/wp-content\/uploads\/2025\/03\/dscf5558-768x576.jpg 768w\" sizes=\"auto, (max-width: 1000px) 100vw, 1000px\" \/><\/figure>\n\n\n\n<div class=\"wp-block-group has-global-padding is-layout-constrained wp-block-group-is-layout-constrained\">\n<p>Wroc\u0142aw, ul. Opolska. 102Na 2018 zajmuje w\u0142a\u015bnie nied\u0142ugi odcinek jednotorowy przed p\u0119tl\u0105 Ksi\u0119\u017ce Ma\u0142e. 15.11.2007<\/p>\n<\/div>\n","protected":false},"excerpt":{"rendered":"<p>Wroc\u0142aw, ul. Opolska. 102Na 2018 zajmuje w\u0142a\u015bnie nied\u0142ugi odcinek jednotorowy przed p\u0119tl\u0105 Ksi\u0119\u017ce Ma\u0142e. 15.11.2007<\/p>\n","protected":false},"author":1,"featured_media":14803,"comment_status":"open","ping_status":"","sticky":false,"template":"","format":"standard","meta":{"footnotes":""},"categories":[96,3],"tags":[3506,309,42,27,41],"class_list":["post-14802","post","type-post","status-publish","format-standard","has-post-thumbnail","hentry","category-rok-2007","category-tramwaj","tag-2007-11-15","tag-konstal-102na","tag-mpk-wroclaw","tag-polska","tag-wroclaw"],"_links":{"self":[{"href":"http:\/\/wgphoto.pl\/t\/index.php?rest_route=\/wp\/v2\/posts\/14802","targetHints":{"allow":["GET"]}}],"collection":[{"href":"http:\/\/wgphoto.pl\/t\/index.php?rest_route=\/wp\/v2\/posts"}],"about":[{"href":"http:\/\/wgphoto.pl\/t\/index.php?rest_route=\/wp\/v2\/types\/post"}],"author":[{"embeddable":true,"href":"http:\/\/wgphoto.pl\/t\/index.php?rest_route=\/wp\/v2\/users\/1"}],"replies":[{"embeddable":true,"href":"http:\/\/wgphoto.pl\/t\/index.php?rest_route=%2Fwp%2Fv2%2Fcomments&post=14802"}],"version-history":[{"count":1,"href":"http:\/\/wgphoto.pl\/t\/index.php?rest_route=\/wp\/v2\/posts\/14802\/revisions"}],"predecessor-version":[{"id":14804,"href":"http:\/\/wgphoto.pl\/t\/index.php?rest_route=\/wp\/v2\/posts\/14802\/revisions\/14804"}],"wp:featuredmedia":[{"embeddable":true,"href":"http:\/\/wgphoto.pl\/t\/index.php?rest_route=\/wp\/v2\/media\/14803"}],"wp:attachment":[{"href":"http:\/\/wgphoto.pl\/t\/index.php?rest_route=%2Fwp%2Fv2%2Fmedia&parent=14802"}],"wp:term":[{"taxonomy":"category","embeddable":true,"href":"http:\/\/wgphoto.pl\/t\/index.php?rest_route=%2Fwp%2Fv2%2Fcategories&post=14802"},{"taxonomy":"post_tag","embeddable":true,"href":"http:\/\/wgphoto.pl\/t\/index.php?rest_route=%2Fwp%2Fv2%2Ftags&post=14802"}],"curies":[{"name":"wp","href":"https:\/\/api.w.org\/{rel}","templated":true}]}}