{"id":14826,"date":"2025-03-14T21:49:39","date_gmt":"2025-03-14T20:49:39","guid":{"rendered":"https:\/\/wgphoto.pl\/t\/?p=14826"},"modified":"2025-03-16T20:13:36","modified_gmt":"2025-03-16T19:13:36","slug":"wydlubany-kamyk","status":"publish","type":"post","link":"http:\/\/wgphoto.pl\/t\/?p=14826","title":{"rendered":"Wyd\u0142ubany kamyk"},"content":{"rendered":"\n<figure class=\"wp-block-image aligncenter size-full\"><img loading=\"lazy\" decoding=\"async\" width=\"1400\" height=\"937\" src=\"https:\/\/wgphoto.pl\/t\/wp-content\/uploads\/2025\/03\/IMGP6046.jpg\" alt=\"\" class=\"wp-image-14945\" srcset=\"http:\/\/wgphoto.pl\/t\/wp-content\/uploads\/2025\/03\/IMGP6046.jpg 1400w, http:\/\/wgphoto.pl\/t\/wp-content\/uploads\/2025\/03\/IMGP6046-300x201.jpg 300w, http:\/\/wgphoto.pl\/t\/wp-content\/uploads\/2025\/03\/IMGP6046-768x514.jpg 768w\" sizes=\"auto, (max-width: 1400px) 100vw, 1400px\" \/><\/figure>\n\n\n\n<div class=\"wp-block-group has-global-padding is-layout-constrained wp-block-group-is-layout-constrained\">\n<p>C20 2124 wyje\u017cd\u017ca z tunelu tu\u017c przed stacj\u0105 Telefonplan. Spodoba\u0142 mi si\u0119 ten ogromny, g\u0142adki g\u0142az, &#8222;wyd\u0142ubany&#8221; pod budow\u0119 metra oraz budynku stoj\u0105cego po prawej stronie u g\u00f3ry. 09.12.2011<\/p>\n<\/div>\n","protected":false},"excerpt":{"rendered":"<p>C20 2124 wyje\u017cd\u017ca z tunelu tu\u017c przed stacj\u0105 Telefonplan. Spodoba\u0142 mi si\u0119 ten ogromny, g\u0142adki g\u0142az, &#8222;wyd\u0142ubany&#8221; pod budow\u0119 metra oraz budynku stoj\u0105cego po prawej stronie u g\u00f3ry. 09.12.2011<\/p>\n","protected":false},"author":1,"featured_media":14945,"comment_status":"open","ping_status":"","sticky":false,"template":"","format":"standard","meta":{"footnotes":""},"categories":[4,77],"tags":[718,1129,244,682,1127,686,685,15],"class_list":["post-14826","post","type-post","status-publish","format-standard","has-post-thumbnail","hentry","category-metro","category-rok-2011","tag-2011-12-09","tag-c20","tag-skaly","tag-sl-stockholm","tag-stockholms-tunnelbana","tag-sztokholm","tag-szwecja","tag-tunel"],"_links":{"self":[{"href":"http:\/\/wgphoto.pl\/t\/index.php?rest_route=\/wp\/v2\/posts\/14826","targetHints":{"allow":["GET"]}}],"collection":[{"href":"http:\/\/wgphoto.pl\/t\/index.php?rest_route=\/wp\/v2\/posts"}],"about":[{"href":"http:\/\/wgphoto.pl\/t\/index.php?rest_route=\/wp\/v2\/types\/post"}],"author":[{"embeddable":true,"href":"http:\/\/wgphoto.pl\/t\/index.php?rest_route=\/wp\/v2\/users\/1"}],"replies":[{"embeddable":true,"href":"http:\/\/wgphoto.pl\/t\/index.php?rest_route=%2Fwp%2Fv2%2Fcomments&post=14826"}],"version-history":[{"count":2,"href":"http:\/\/wgphoto.pl\/t\/index.php?rest_route=\/wp\/v2\/posts\/14826\/revisions"}],"predecessor-version":[{"id":14946,"href":"http:\/\/wgphoto.pl\/t\/index.php?rest_route=\/wp\/v2\/posts\/14826\/revisions\/14946"}],"wp:featuredmedia":[{"embeddable":true,"href":"http:\/\/wgphoto.pl\/t\/index.php?rest_route=\/wp\/v2\/media\/14945"}],"wp:attachment":[{"href":"http:\/\/wgphoto.pl\/t\/index.php?rest_route=%2Fwp%2Fv2%2Fmedia&parent=14826"}],"wp:term":[{"taxonomy":"category","embeddable":true,"href":"http:\/\/wgphoto.pl\/t\/index.php?rest_route=%2Fwp%2Fv2%2Fcategories&post=14826"},{"taxonomy":"post_tag","embeddable":true,"href":"http:\/\/wgphoto.pl\/t\/index.php?rest_route=%2Fwp%2Fv2%2Ftags&post=14826"}],"curies":[{"name":"wp","href":"https:\/\/api.w.org\/{rel}","templated":true}]}}