{"id":14829,"date":"2025-03-14T21:50:26","date_gmt":"2025-03-14T20:50:26","guid":{"rendered":"https:\/\/wgphoto.pl\/t\/?p=14829"},"modified":"2025-03-14T21:50:26","modified_gmt":"2025-03-14T20:50:26","slug":"telefonplan","status":"publish","type":"post","link":"http:\/\/wgphoto.pl\/t\/?p=14829","title":{"rendered":"Telefonplan"},"content":{"rendered":"\n<figure class=\"wp-block-image aligncenter size-full\"><img loading=\"lazy\" decoding=\"async\" width=\"901\" height=\"600\" src=\"https:\/\/wgphoto.pl\/t\/wp-content\/uploads\/2025\/03\/imgp6053.jpg\" alt=\"\" class=\"wp-image-14830\" srcset=\"http:\/\/wgphoto.pl\/t\/wp-content\/uploads\/2025\/03\/imgp6053.jpg 901w, http:\/\/wgphoto.pl\/t\/wp-content\/uploads\/2025\/03\/imgp6053-300x200.jpg 300w, http:\/\/wgphoto.pl\/t\/wp-content\/uploads\/2025\/03\/imgp6053-768x511.jpg 768w\" sizes=\"auto, (max-width: 901px) 100vw, 901px\" \/><\/figure>\n\n\n\n<div class=\"wp-block-group has-global-padding is-layout-constrained wp-block-group-is-layout-constrained\">\n<p>Stacja Telefonplan w ca\u0142ej okaza\u0142o\u015bci. Przy jej peronie zatrzymuje si\u0119 poci\u0105g linii 14, zmierzaj\u0105cy w kierunku M\u00f6rby centrum i prowadzony zestawem C20 2127. 09.12.2011<\/p>\n<\/div>\n","protected":false},"excerpt":{"rendered":"<p>Stacja Telefonplan w ca\u0142ej okaza\u0142o\u015bci. Przy jej peronie zatrzymuje si\u0119 poci\u0105g linii 14, zmierzaj\u0105cy w kierunku M\u00f6rby centrum i prowadzony zestawem C20 2127. 09.12.2011<\/p>\n","protected":false},"author":1,"featured_media":14830,"comment_status":"open","ping_status":"","sticky":false,"template":"","format":"standard","meta":{"footnotes":""},"categories":[4,77],"tags":[718,1129,682,1127,686,685],"class_list":["post-14829","post","type-post","status-publish","format-standard","has-post-thumbnail","hentry","category-metro","category-rok-2011","tag-2011-12-09","tag-c20","tag-sl-stockholm","tag-stockholms-tunnelbana","tag-sztokholm","tag-szwecja"],"_links":{"self":[{"href":"http:\/\/wgphoto.pl\/t\/index.php?rest_route=\/wp\/v2\/posts\/14829","targetHints":{"allow":["GET"]}}],"collection":[{"href":"http:\/\/wgphoto.pl\/t\/index.php?rest_route=\/wp\/v2\/posts"}],"about":[{"href":"http:\/\/wgphoto.pl\/t\/index.php?rest_route=\/wp\/v2\/types\/post"}],"author":[{"embeddable":true,"href":"http:\/\/wgphoto.pl\/t\/index.php?rest_route=\/wp\/v2\/users\/1"}],"replies":[{"embeddable":true,"href":"http:\/\/wgphoto.pl\/t\/index.php?rest_route=%2Fwp%2Fv2%2Fcomments&post=14829"}],"version-history":[{"count":1,"href":"http:\/\/wgphoto.pl\/t\/index.php?rest_route=\/wp\/v2\/posts\/14829\/revisions"}],"predecessor-version":[{"id":14831,"href":"http:\/\/wgphoto.pl\/t\/index.php?rest_route=\/wp\/v2\/posts\/14829\/revisions\/14831"}],"wp:featuredmedia":[{"embeddable":true,"href":"http:\/\/wgphoto.pl\/t\/index.php?rest_route=\/wp\/v2\/media\/14830"}],"wp:attachment":[{"href":"http:\/\/wgphoto.pl\/t\/index.php?rest_route=%2Fwp%2Fv2%2Fmedia&parent=14829"}],"wp:term":[{"taxonomy":"category","embeddable":true,"href":"http:\/\/wgphoto.pl\/t\/index.php?rest_route=%2Fwp%2Fv2%2Fcategories&post=14829"},{"taxonomy":"post_tag","embeddable":true,"href":"http:\/\/wgphoto.pl\/t\/index.php?rest_route=%2Fwp%2Fv2%2Ftags&post=14829"}],"curies":[{"name":"wp","href":"https:\/\/api.w.org\/{rel}","templated":true}]}}