{"id":14838,"date":"2025-03-14T21:52:50","date_gmt":"2025-03-14T20:52:50","guid":{"rendered":"https:\/\/wgphoto.pl\/t\/?p=14838"},"modified":"2025-03-14T21:52:50","modified_gmt":"2025-03-14T20:52:50","slug":"zimowy-zmierzch","status":"publish","type":"post","link":"http:\/\/wgphoto.pl\/t\/?p=14838","title":{"rendered":"Zimowy zmierzch"},"content":{"rendered":"\n<figure class=\"wp-block-image aligncenter size-full\"><img loading=\"lazy\" decoding=\"async\" width=\"1200\" height=\"803\" src=\"https:\/\/wgphoto.pl\/t\/wp-content\/uploads\/2025\/03\/imgp6133.jpg\" alt=\"\" class=\"wp-image-14839\" srcset=\"http:\/\/wgphoto.pl\/t\/wp-content\/uploads\/2025\/03\/imgp6133.jpg 1200w, http:\/\/wgphoto.pl\/t\/wp-content\/uploads\/2025\/03\/imgp6133-300x201.jpg 300w, http:\/\/wgphoto.pl\/t\/wp-content\/uploads\/2025\/03\/imgp6133-768x514.jpg 768w\" sizes=\"auto, (max-width: 1200px) 100vw, 1200px\" \/><\/figure>\n\n\n\n<div class=\"wp-block-group has-global-padding is-layout-constrained wp-block-group-is-layout-constrained\">\n<p>Poci\u0105g linii 13, na ko\u0144cu kt\u00f3rego jedzie zestaw C20 2114, opu\u015bci\u0142 stacj\u0119 S\u00e4tra. P\u00f3\u0142nocna g\u0142owica stacji, posiadaj\u0105cej jeden tor dodatkowy (st\u0105d o jeden tor za du\u017co na poni\u017cszym zdj\u0119ciu) obejmuje dwa k\u00f3tkie tunele. O godzinie 14:06, na 43 minuty przed zachodem s\u0142o\u0144ca, panowa\u0142y ju\u017c fatalne warunki o\u015bwietleniowe. 09.12.2011<\/p>\n<\/div>\n","protected":false},"excerpt":{"rendered":"<p>Poci\u0105g linii 13, na ko\u0144cu kt\u00f3rego jedzie zestaw C20 2114, opu\u015bci\u0142 stacj\u0119 S\u00e4tra. P\u00f3\u0142nocna g\u0142owica stacji, posiadaj\u0105cej jeden tor dodatkowy (st\u0105d o jeden tor za du\u017co na poni\u017cszym zdj\u0119ciu) obejmuje dwa k\u00f3tkie tunele. O godzinie 14:06, na 43 minuty przed zachodem s\u0142o\u0144ca, panowa\u0142y ju\u017c fatalne warunki o\u015bwietleniowe. 09.12.2011<\/p>\n","protected":false},"author":1,"featured_media":14839,"comment_status":"open","ping_status":"","sticky":false,"template":"","format":"standard","meta":{"footnotes":""},"categories":[4,77],"tags":[718,1129,173,244,682,1127,686,685,15],"class_list":["post-14838","post","type-post","status-publish","format-standard","has-post-thumbnail","hentry","category-metro","category-rok-2011","tag-2011-12-09","tag-c20","tag-koncowki","tag-skaly","tag-sl-stockholm","tag-stockholms-tunnelbana","tag-sztokholm","tag-szwecja","tag-tunel"],"_links":{"self":[{"href":"http:\/\/wgphoto.pl\/t\/index.php?rest_route=\/wp\/v2\/posts\/14838","targetHints":{"allow":["GET"]}}],"collection":[{"href":"http:\/\/wgphoto.pl\/t\/index.php?rest_route=\/wp\/v2\/posts"}],"about":[{"href":"http:\/\/wgphoto.pl\/t\/index.php?rest_route=\/wp\/v2\/types\/post"}],"author":[{"embeddable":true,"href":"http:\/\/wgphoto.pl\/t\/index.php?rest_route=\/wp\/v2\/users\/1"}],"replies":[{"embeddable":true,"href":"http:\/\/wgphoto.pl\/t\/index.php?rest_route=%2Fwp%2Fv2%2Fcomments&post=14838"}],"version-history":[{"count":1,"href":"http:\/\/wgphoto.pl\/t\/index.php?rest_route=\/wp\/v2\/posts\/14838\/revisions"}],"predecessor-version":[{"id":14840,"href":"http:\/\/wgphoto.pl\/t\/index.php?rest_route=\/wp\/v2\/posts\/14838\/revisions\/14840"}],"wp:featuredmedia":[{"embeddable":true,"href":"http:\/\/wgphoto.pl\/t\/index.php?rest_route=\/wp\/v2\/media\/14839"}],"wp:attachment":[{"href":"http:\/\/wgphoto.pl\/t\/index.php?rest_route=%2Fwp%2Fv2%2Fmedia&parent=14838"}],"wp:term":[{"taxonomy":"category","embeddable":true,"href":"http:\/\/wgphoto.pl\/t\/index.php?rest_route=%2Fwp%2Fv2%2Fcategories&post=14838"},{"taxonomy":"post_tag","embeddable":true,"href":"http:\/\/wgphoto.pl\/t\/index.php?rest_route=%2Fwp%2Fv2%2Ftags&post=14838"}],"curies":[{"name":"wp","href":"https:\/\/api.w.org\/{rel}","templated":true}]}}