{"id":14841,"date":"2025-03-14T21:53:45","date_gmt":"2025-03-14T20:53:45","guid":{"rendered":"https:\/\/wgphoto.pl\/t\/?p=14841"},"modified":"2025-03-14T21:53:45","modified_gmt":"2025-03-14T20:53:45","slug":"bagarmossen","status":"publish","type":"post","link":"http:\/\/wgphoto.pl\/t\/?p=14841","title":{"rendered":"Bagarmossen"},"content":{"rendered":"\n<figure class=\"wp-block-image aligncenter size-full\"><img loading=\"lazy\" decoding=\"async\" width=\"1200\" height=\"803\" src=\"https:\/\/wgphoto.pl\/t\/wp-content\/uploads\/2025\/03\/imgp5985.jpg\" alt=\"\" class=\"wp-image-14842\" srcset=\"http:\/\/wgphoto.pl\/t\/wp-content\/uploads\/2025\/03\/imgp5985.jpg 1200w, http:\/\/wgphoto.pl\/t\/wp-content\/uploads\/2025\/03\/imgp5985-300x201.jpg 300w, http:\/\/wgphoto.pl\/t\/wp-content\/uploads\/2025\/03\/imgp5985-768x514.jpg 768w\" sizes=\"auto, (max-width: 1200px) 100vw, 1200px\" \/><\/figure>\n\n\n\n<div class=\"wp-block-group has-global-padding is-layout-constrained wp-block-group-is-layout-constrained\">\n<p>C20 2257 na czele poci\u0105gu zestawionego z trzech tr\u00f3jwagonowych jednostek zatrzymuje si\u0119 na stacji oddanej do u\u017cytku w 1994 roku wraz z przed\u0142u\u017ceniem o jeden przystanek dalej &#8211; do Skarpn\u00e4ck. Od 1958 do 1994 roku poci\u0105gi ko\u0144czy\u0142y bieg w Bagarmossen na stacji naziemnej. 08.12.2011<\/p>\n<\/div>\n","protected":false},"excerpt":{"rendered":"<p>C20 2257 na czele poci\u0105gu zestawionego z trzech tr\u00f3jwagonowych jednostek zatrzymuje si\u0119 na stacji oddanej do u\u017cytku w 1994 roku wraz z przed\u0142u\u017ceniem o jeden przystanek dalej &#8211; do Skarpn\u00e4ck. Od 1958 do 1994 roku poci\u0105gi ko\u0144czy\u0142y bieg w Bagarmossen na stacji naziemnej. 08.12.2011<\/p>\n","protected":false},"author":1,"featured_media":14842,"comment_status":"open","ping_status":"","sticky":false,"template":"","format":"standard","meta":{"footnotes":""},"categories":[4,77],"tags":[1130,1129,682,719,1127,686,685,15],"class_list":["post-14841","post","type-post","status-publish","format-standard","has-post-thumbnail","hentry","category-metro","category-rok-2011","tag-2011-12-08","tag-c20","tag-sl-stockholm","tag-stacje-sztokholmskiego-metra","tag-stockholms-tunnelbana","tag-sztokholm","tag-szwecja","tag-tunel"],"_links":{"self":[{"href":"http:\/\/wgphoto.pl\/t\/index.php?rest_route=\/wp\/v2\/posts\/14841","targetHints":{"allow":["GET"]}}],"collection":[{"href":"http:\/\/wgphoto.pl\/t\/index.php?rest_route=\/wp\/v2\/posts"}],"about":[{"href":"http:\/\/wgphoto.pl\/t\/index.php?rest_route=\/wp\/v2\/types\/post"}],"author":[{"embeddable":true,"href":"http:\/\/wgphoto.pl\/t\/index.php?rest_route=\/wp\/v2\/users\/1"}],"replies":[{"embeddable":true,"href":"http:\/\/wgphoto.pl\/t\/index.php?rest_route=%2Fwp%2Fv2%2Fcomments&post=14841"}],"version-history":[{"count":1,"href":"http:\/\/wgphoto.pl\/t\/index.php?rest_route=\/wp\/v2\/posts\/14841\/revisions"}],"predecessor-version":[{"id":14843,"href":"http:\/\/wgphoto.pl\/t\/index.php?rest_route=\/wp\/v2\/posts\/14841\/revisions\/14843"}],"wp:featuredmedia":[{"embeddable":true,"href":"http:\/\/wgphoto.pl\/t\/index.php?rest_route=\/wp\/v2\/media\/14842"}],"wp:attachment":[{"href":"http:\/\/wgphoto.pl\/t\/index.php?rest_route=%2Fwp%2Fv2%2Fmedia&parent=14841"}],"wp:term":[{"taxonomy":"category","embeddable":true,"href":"http:\/\/wgphoto.pl\/t\/index.php?rest_route=%2Fwp%2Fv2%2Fcategories&post=14841"},{"taxonomy":"post_tag","embeddable":true,"href":"http:\/\/wgphoto.pl\/t\/index.php?rest_route=%2Fwp%2Fv2%2Ftags&post=14841"}],"curies":[{"name":"wp","href":"https:\/\/api.w.org\/{rel}","templated":true}]}}