{"id":14882,"date":"2025-03-16T11:56:53","date_gmt":"2025-03-16T10:56:53","guid":{"rendered":"https:\/\/wgphoto.pl\/t\/?p=14882"},"modified":"2025-03-16T12:06:09","modified_gmt":"2025-03-16T11:06:09","slug":"trojnogie-slupy","status":"publish","type":"post","link":"http:\/\/wgphoto.pl\/t\/?p=14882","title":{"rendered":"Tr\u00f3jnogie s\u0142upy"},"content":{"rendered":"\n<figure class=\"wp-block-image aligncenter size-full\"><img loading=\"lazy\" decoding=\"async\" width=\"1300\" height=\"870\" src=\"https:\/\/wgphoto.pl\/t\/wp-content\/uploads\/2025\/03\/imgp4769-10.jpg\" alt=\"\" class=\"wp-image-14883\" srcset=\"http:\/\/wgphoto.pl\/t\/wp-content\/uploads\/2025\/03\/imgp4769-10.jpg 1300w, http:\/\/wgphoto.pl\/t\/wp-content\/uploads\/2025\/03\/imgp4769-10-300x201.jpg 300w, http:\/\/wgphoto.pl\/t\/wp-content\/uploads\/2025\/03\/imgp4769-10-768x514.jpg 768w\" sizes=\"auto, (max-width: 1300px) 100vw, 1300px\" \/><\/figure>\n\n\n\n<div class=\"wp-block-group has-global-padding is-layout-constrained wp-block-group-is-layout-constrained\">\n<p>Okaza\u0142y sk\u0142ad wchodzi w \u0142uk na zako\u0144czeniu d\u0142ugiej prostej na szlaku Wr\u00f3blik Szlachecki &#8211; Zarszyn (odcinek Milcza &#8211; Besko). 21.07.2010<\/p>\n<\/div>\n","protected":false},"excerpt":{"rendered":"<p>Okaza\u0142y sk\u0142ad wchodzi w \u0142uk na zako\u0144czeniu d\u0142ugiej prostej na szlaku Wr\u00f3blik Szlachecki &#8211; Zarszyn (odcinek Milcza &#8211; Besko). 21.07.2010<\/p>\n","protected":false},"author":1,"featured_media":14883,"comment_status":"open","ping_status":"","sticky":false,"template":"","format":"standard","meta":{"footnotes":""},"categories":[2,86],"tags":[3513,3520,3519,63,341,27,64,471],"class_list":["post-14882","post","type-post","status-publish","format-standard","has-post-thumbnail","hentry","category-kolej","category-rok-2010","tag-2010-07-21","tag-besko","tag-milcza","tag-pkp","tag-podkarpacie-2010","tag-polska","tag-st43","tag-tab-pl131"],"_links":{"self":[{"href":"http:\/\/wgphoto.pl\/t\/index.php?rest_route=\/wp\/v2\/posts\/14882","targetHints":{"allow":["GET"]}}],"collection":[{"href":"http:\/\/wgphoto.pl\/t\/index.php?rest_route=\/wp\/v2\/posts"}],"about":[{"href":"http:\/\/wgphoto.pl\/t\/index.php?rest_route=\/wp\/v2\/types\/post"}],"author":[{"embeddable":true,"href":"http:\/\/wgphoto.pl\/t\/index.php?rest_route=\/wp\/v2\/users\/1"}],"replies":[{"embeddable":true,"href":"http:\/\/wgphoto.pl\/t\/index.php?rest_route=%2Fwp%2Fv2%2Fcomments&post=14882"}],"version-history":[{"count":1,"href":"http:\/\/wgphoto.pl\/t\/index.php?rest_route=\/wp\/v2\/posts\/14882\/revisions"}],"predecessor-version":[{"id":14884,"href":"http:\/\/wgphoto.pl\/t\/index.php?rest_route=\/wp\/v2\/posts\/14882\/revisions\/14884"}],"wp:featuredmedia":[{"embeddable":true,"href":"http:\/\/wgphoto.pl\/t\/index.php?rest_route=\/wp\/v2\/media\/14883"}],"wp:attachment":[{"href":"http:\/\/wgphoto.pl\/t\/index.php?rest_route=%2Fwp%2Fv2%2Fmedia&parent=14882"}],"wp:term":[{"taxonomy":"category","embeddable":true,"href":"http:\/\/wgphoto.pl\/t\/index.php?rest_route=%2Fwp%2Fv2%2Fcategories&post=14882"},{"taxonomy":"post_tag","embeddable":true,"href":"http:\/\/wgphoto.pl\/t\/index.php?rest_route=%2Fwp%2Fv2%2Ftags&post=14882"}],"curies":[{"name":"wp","href":"https:\/\/api.w.org\/{rel}","templated":true}]}}