{"id":14969,"date":"2025-03-16T21:25:41","date_gmt":"2025-03-16T20:25:41","guid":{"rendered":"https:\/\/wgphoto.pl\/t\/?p=14969"},"modified":"2025-03-16T21:25:41","modified_gmt":"2025-03-16T20:25:41","slug":"w-miescie-swietej-wiezy","status":"publish","type":"post","link":"http:\/\/wgphoto.pl\/t\/?p=14969","title":{"rendered":"W mie\u015bcie \u015bwi\u0119tej wie\u017cy"},"content":{"rendered":"\n<figure class=\"wp-block-image aligncenter size-full\"><img loading=\"lazy\" decoding=\"async\" width=\"1200\" height=\"800\" src=\"https:\/\/wgphoto.pl\/t\/wp-content\/uploads\/2025\/03\/IMGP9798.jpg\" alt=\"\" class=\"wp-image-14970\" srcset=\"http:\/\/wgphoto.pl\/t\/wp-content\/uploads\/2025\/03\/IMGP9798.jpg 1200w, http:\/\/wgphoto.pl\/t\/wp-content\/uploads\/2025\/03\/IMGP9798-300x200.jpg 300w, http:\/\/wgphoto.pl\/t\/wp-content\/uploads\/2025\/03\/IMGP9798-768x512.jpg 768w\" sizes=\"auto, (max-width: 1200px) 100vw, 1200px\" \/><\/figure>\n\n\n\n<div class=\"wp-block-group has-global-padding is-layout-constrained wp-block-group-is-layout-constrained\">\n<p>Cz\u0119stochowa, al. Niepodleg\u0142o\u015bci. Dwa Twisty w mie\u015bcie, na potrzeby kt\u00f3rego t\u0119 konstrukcj\u0119 zaprojektowano. 11.10.2012<\/p>\n<\/div>\n","protected":false},"excerpt":{"rendered":"<p>Cz\u0119stochowa, al. Niepodleg\u0142o\u015bci. Dwa Twisty w mie\u015bcie, na potrzeby kt\u00f3rego t\u0119 konstrukcj\u0119 zaprojektowano. 11.10.2012<\/p>\n","protected":false},"author":1,"featured_media":14970,"comment_status":"open","ping_status":"","sticky":false,"template":"","format":"standard","meta":{"footnotes":""},"categories":[46,3],"tags":[3530,3531,3532,1207,27],"class_list":["post-14969","post","type-post","status-publish","format-standard","has-post-thumbnail","hentry","category-rok-2012","category-tramwaj","tag-2012-10-11","tag-czestochowa","tag-mpk-czestochowa","tag-pesa-twist","tag-polska"],"_links":{"self":[{"href":"http:\/\/wgphoto.pl\/t\/index.php?rest_route=\/wp\/v2\/posts\/14969","targetHints":{"allow":["GET"]}}],"collection":[{"href":"http:\/\/wgphoto.pl\/t\/index.php?rest_route=\/wp\/v2\/posts"}],"about":[{"href":"http:\/\/wgphoto.pl\/t\/index.php?rest_route=\/wp\/v2\/types\/post"}],"author":[{"embeddable":true,"href":"http:\/\/wgphoto.pl\/t\/index.php?rest_route=\/wp\/v2\/users\/1"}],"replies":[{"embeddable":true,"href":"http:\/\/wgphoto.pl\/t\/index.php?rest_route=%2Fwp%2Fv2%2Fcomments&post=14969"}],"version-history":[{"count":1,"href":"http:\/\/wgphoto.pl\/t\/index.php?rest_route=\/wp\/v2\/posts\/14969\/revisions"}],"predecessor-version":[{"id":14971,"href":"http:\/\/wgphoto.pl\/t\/index.php?rest_route=\/wp\/v2\/posts\/14969\/revisions\/14971"}],"wp:featuredmedia":[{"embeddable":true,"href":"http:\/\/wgphoto.pl\/t\/index.php?rest_route=\/wp\/v2\/media\/14970"}],"wp:attachment":[{"href":"http:\/\/wgphoto.pl\/t\/index.php?rest_route=%2Fwp%2Fv2%2Fmedia&parent=14969"}],"wp:term":[{"taxonomy":"category","embeddable":true,"href":"http:\/\/wgphoto.pl\/t\/index.php?rest_route=%2Fwp%2Fv2%2Fcategories&post=14969"},{"taxonomy":"post_tag","embeddable":true,"href":"http:\/\/wgphoto.pl\/t\/index.php?rest_route=%2Fwp%2Fv2%2Ftags&post=14969"}],"curies":[{"name":"wp","href":"https:\/\/api.w.org\/{rel}","templated":true}]}}