{"id":15012,"date":"2025-03-18T16:58:25","date_gmt":"2025-03-18T15:58:25","guid":{"rendered":"https:\/\/wgphoto.pl\/t\/?p=15012"},"modified":"2025-03-18T16:58:25","modified_gmt":"2025-03-18T15:58:25","slug":"przylek","status":"publish","type":"post","link":"http:\/\/wgphoto.pl\/t\/?p=15012","title":{"rendered":"Przy\u0142\u0119k"},"content":{"rendered":"\n<figure class=\"wp-block-image aligncenter size-full\"><img loading=\"lazy\" decoding=\"async\" width=\"1200\" height=\"803\" src=\"https:\/\/wgphoto.pl\/t\/wp-content\/uploads\/2025\/03\/IMGP0503.jpg\" alt=\"\" class=\"wp-image-15014\" srcset=\"http:\/\/wgphoto.pl\/t\/wp-content\/uploads\/2025\/03\/IMGP0503.jpg 1200w, http:\/\/wgphoto.pl\/t\/wp-content\/uploads\/2025\/03\/IMGP0503-300x201.jpg 300w, http:\/\/wgphoto.pl\/t\/wp-content\/uploads\/2025\/03\/IMGP0503-768x514.jpg 768w\" sizes=\"auto, (max-width: 1200px) 100vw, 1200px\" \/><\/figure>\n\n\n\n<div class=\"wp-block-group has-global-padding is-layout-constrained wp-block-group-is-layout-constrained\">\n<p>Jedno z pierwszych pentaxowych zdj\u0119\u0107 (chyba jeszcze z uszkodzonego, zwr\u00f3conego p\u00f3\u017aniej egzemplarza) przedstawia poci\u0105g osobowy 334 z Mi\u0119dzylesia do Wroc\u0142awia G\u0142\u00f3wnego, mijaj\u0105cy zabudowania wsi Przy\u0142\u0119k. 21.02.2009<\/p>\n<\/div>\n","protected":false},"excerpt":{"rendered":"<p>Jedno z pierwszych pentaxowych zdj\u0119\u0107 (chyba jeszcze z uszkodzonego, zwr\u00f3conego p\u00f3\u017aniej egzemplarza) przedstawia poci\u0105g osobowy 334 z Mi\u0119dzylesia do Wroc\u0142awia G\u0142\u00f3wnego, mijaj\u0105cy zabudowania wsi Przy\u0142\u0119k. 21.02.2009<\/p>\n","protected":false},"author":1,"featured_media":15014,"comment_status":"open","ping_status":"","sticky":false,"template":"","format":"standard","meta":{"footnotes":""},"categories":[2,169],"tags":[880,1226,132,114,63,27,44,3541,383],"class_list":["post-15012","post","type-post","status-publish","format-standard","has-post-thumbnail","hentry","category-kolej","category-rok-2009","tag-2009-02-21","tag-bardo-przylek","tag-en57","tag-gory","tag-pkp","tag-polska","tag-snieg","tag-suszka","tag-tab-pl230"],"_links":{"self":[{"href":"http:\/\/wgphoto.pl\/t\/index.php?rest_route=\/wp\/v2\/posts\/15012","targetHints":{"allow":["GET"]}}],"collection":[{"href":"http:\/\/wgphoto.pl\/t\/index.php?rest_route=\/wp\/v2\/posts"}],"about":[{"href":"http:\/\/wgphoto.pl\/t\/index.php?rest_route=\/wp\/v2\/types\/post"}],"author":[{"embeddable":true,"href":"http:\/\/wgphoto.pl\/t\/index.php?rest_route=\/wp\/v2\/users\/1"}],"replies":[{"embeddable":true,"href":"http:\/\/wgphoto.pl\/t\/index.php?rest_route=%2Fwp%2Fv2%2Fcomments&post=15012"}],"version-history":[{"count":1,"href":"http:\/\/wgphoto.pl\/t\/index.php?rest_route=\/wp\/v2\/posts\/15012\/revisions"}],"predecessor-version":[{"id":15015,"href":"http:\/\/wgphoto.pl\/t\/index.php?rest_route=\/wp\/v2\/posts\/15012\/revisions\/15015"}],"wp:featuredmedia":[{"embeddable":true,"href":"http:\/\/wgphoto.pl\/t\/index.php?rest_route=\/wp\/v2\/media\/15014"}],"wp:attachment":[{"href":"http:\/\/wgphoto.pl\/t\/index.php?rest_route=%2Fwp%2Fv2%2Fmedia&parent=15012"}],"wp:term":[{"taxonomy":"category","embeddable":true,"href":"http:\/\/wgphoto.pl\/t\/index.php?rest_route=%2Fwp%2Fv2%2Fcategories&post=15012"},{"taxonomy":"post_tag","embeddable":true,"href":"http:\/\/wgphoto.pl\/t\/index.php?rest_route=%2Fwp%2Fv2%2Ftags&post=15012"}],"curies":[{"name":"wp","href":"https:\/\/api.w.org\/{rel}","templated":true}]}}